{"id":1049,"date":"2022-04-21T10:14:53","date_gmt":"2022-04-21T08:14:53","guid":{"rendered":"https:\/\/blog.institucio.org\/?p=1049"},"modified":"2022-04-21T10:14:53","modified_gmt":"2022-04-21T08:14:53","slug":"8-recomendaciones-de-literatura-infantil-para-este-sant-jordi","status":"publish","type":"post","link":"https:\/\/blog.institucio.org\/es\/2022\/04\/21\/8-recomendaciones-de-literatura-infantil-para-este-sant-jordi\/","title":{"rendered":"8 recomendaciones de literatura infantil para este Sant Jordi"},"content":{"rendered":"<p>Cada 23 de abril se celebra el D\u00eda Internacional del Libro y desde Instituci\u00f3 hemos pensado ofreceros algunas recomendaciones para ese d\u00eda, especialmente para la <strong>lectura por parte de los m\u00e1s peque\u00f1os de la casa.<\/strong><\/p>\n<p>Para ello, hemos pedido ayuda a los estudiantes del <strong><a href=\"https:\/\/dual.institucio.org\/infantil\/\">Grado Superior en Educaci\u00f3n Infantil<\/a> <\/strong>que actualmente est\u00e1n realizando el ciclo formativo en <a href=\"https:\/\/lafargainfantil.institucio.org\/ca\/\">La Farga Infantil<\/a>.<\/p>\n<p>Estas son algunas de sus recomendaciones y, desde aqu\u00ed, aprovechamos para darles las gracias por su participaci\u00f3n en la elaboraci\u00f3n de este post:<\/p>\n<p>&nbsp;<\/p>\n<p><img loading=\"lazy\" class=\"alignnone size-full wp-image-1019\" src=\"https:\/\/blog.institucio.org\/wp-content\/uploads\/2022\/04\/libro-monstruos.jpg\" alt=\"\" width=\"800\" height=\"500\" srcset=\"https:\/\/blog.institucio.org\/wp-content\/uploads\/2022\/04\/libro-monstruos.jpg 800w, https:\/\/blog.institucio.org\/wp-content\/uploads\/2022\/04\/libro-monstruos-300x188.jpg 300w, https:\/\/blog.institucio.org\/wp-content\/uploads\/2022\/04\/libro-monstruos-768x480.jpg 768w\" sizes=\"(max-width: 800px) 100vw, 800px\" \/><\/p>\n<p><a href=\"https:\/\/www.youtube.com\/watch?v=MVtU4PxZujw\"><strong>Yo matar\u00e9 monstruos por ti <\/strong><\/a><strong>(2011)<\/strong><\/p>\n<p>Cuento sobre una ni\u00f1a, Martina, y el miedo que pasa algunas noches en las que imagina que debajo de su cama hay un mundo de monstruos que caminan con la cabeza hacia abajo. Es un libro que aborda, con mucho tacto y sensibilidad, el tema de las pesadillas nocturnas en los ni\u00f1os y que puede ayudar a los padres y madres a explorar, junto a sus hijos, algunas formas de superarlo.<\/p>\n<p>&nbsp;<\/p>\n<p><img loading=\"lazy\" class=\"alignnone size-full wp-image-1021\" src=\"https:\/\/blog.institucio.org\/wp-content\/uploads\/2022\/04\/malina-pies-frios.jpg\" alt=\"\" width=\"800\" height=\"500\" srcset=\"https:\/\/blog.institucio.org\/wp-content\/uploads\/2022\/04\/malina-pies-frios.jpg 800w, https:\/\/blog.institucio.org\/wp-content\/uploads\/2022\/04\/malina-pies-frios-300x188.jpg 300w, https:\/\/blog.institucio.org\/wp-content\/uploads\/2022\/04\/malina-pies-frios-768x480.jpg 768w\" sizes=\"(max-width: 800px) 100vw, 800px\" \/><\/p>\n<p><strong><a href=\"https:\/\/www.youtube.com\/watch?v=wWj3AVvDTaw\">Malina Pies Fr\u00edos<\/a> (2015)<\/strong><\/p>\n<p>Malina es una esquimal muy friolera que vive en el Polo Norte y que siempre tiene los pies helados. Lo \u00fanico que le gusta del fr\u00edo es que sus l\u00e1grimas se congelan al salir de sus ojos y puede coleccionarlas. Pero ella lo que quiere es conocer el calor verdadero. Un d\u00eda pescando encuentra una chancla y descubre que hay un sitio, llamado playa, \u00a1donde se pasa calor en los p\u00edes! Malina est\u00e1 convencida, quiere ir a conocer la playa.<\/p>\n<p>Es un libro que nos ense\u00f1a a perseguir nuestros sue\u00f1os, a no rendirse pese a que las cosas no salgan bien y a que, al final siempre habr\u00e1 un lugar donde ser\u00e1s bienvenido.<\/p>\n<p>&nbsp;<\/p>\n<p><img loading=\"lazy\" class=\"alignnone size-full wp-image-1023\" src=\"https:\/\/blog.institucio.org\/wp-content\/uploads\/2022\/04\/la-ovejita-que-vino-a-cenar-3.jpg\" alt=\"\" width=\"800\" height=\"500\" srcset=\"https:\/\/blog.institucio.org\/wp-content\/uploads\/2022\/04\/la-ovejita-que-vino-a-cenar-3.jpg 800w, https:\/\/blog.institucio.org\/wp-content\/uploads\/2022\/04\/la-ovejita-que-vino-a-cenar-3-300x188.jpg 300w, https:\/\/blog.institucio.org\/wp-content\/uploads\/2022\/04\/la-ovejita-que-vino-a-cenar-3-768x480.jpg 768w\" sizes=\"(max-width: 800px) 100vw, 800px\" \/><\/p>\n<p><strong><a href=\"https:\/\/www.youtube.com\/watch?v=ee-Wkw2SnnI\">La ovejita que vino a cenar<\/a> (2006)<\/strong><\/p>\n<p>Una historia entra\u00f1able entre un lobo hambriento y una ovejita, para hacer ver a los ni\u00f1os y ni\u00f1as que nada est\u00e1 determinado y que se pueden romper los estereotipos, actuar libremente y hacer lo contrario a lo que se supone que deber\u00edamos hacer o pensar. Uno de los<span style=\"font-weight: 400;\"> valores m\u00e1s destacados que podemos observar en el libro es el de la empat\u00eda, presente de principio a fin.<\/span><\/p>\n<p>&nbsp;<\/p>\n<p><img loading=\"lazy\" class=\"alignnone size-full wp-image-1025\" src=\"https:\/\/blog.institucio.org\/wp-content\/uploads\/2022\/04\/a-que-sabe-la-luna.jpg\" alt=\"\" width=\"800\" height=\"500\" srcset=\"https:\/\/blog.institucio.org\/wp-content\/uploads\/2022\/04\/a-que-sabe-la-luna.jpg 800w, https:\/\/blog.institucio.org\/wp-content\/uploads\/2022\/04\/a-que-sabe-la-luna-300x188.jpg 300w, https:\/\/blog.institucio.org\/wp-content\/uploads\/2022\/04\/a-que-sabe-la-luna-768x480.jpg 768w\" sizes=\"(max-width: 800px) 100vw, 800px\" \/><\/p>\n<p><strong><a href=\"https:\/\/www.youtube.com\/watch?v=rDb_dPtZumE\">\u00bfA qu\u00e9 sabe la luna?<\/a> (1993)<\/strong><\/p>\n<p><span style=\"font-weight: 400;\">Un grupo de animales quiere saber, desde hace tiempo, qu\u00e9 gusto tiene la luna. La tortuga, la jirafa, la cebra, el rat\u00f3n&#8230; Entre todos se marcan un objetivo y lo consiguen gracias al trabajo cooperativo, la amistad y la confianza. Y, en realidad, \u00bfa qu\u00e9 sabe la luna? Pod\u00e9is preguntarle a los m\u00e1s peque\u00f1os de la casa despu\u00e9s de leer este libro.<\/span><\/p>\n<p>&nbsp;<\/p>\n<p><img loading=\"lazy\" class=\"alignnone size-full wp-image-1027\" src=\"https:\/\/blog.institucio.org\/wp-content\/uploads\/2022\/04\/pez-irisado.jpg\" alt=\"\" width=\"800\" height=\"500\" srcset=\"https:\/\/blog.institucio.org\/wp-content\/uploads\/2022\/04\/pez-irisado.jpg 800w, https:\/\/blog.institucio.org\/wp-content\/uploads\/2022\/04\/pez-irisado-300x188.jpg 300w, https:\/\/blog.institucio.org\/wp-content\/uploads\/2022\/04\/pez-irisado-768x480.jpg 768w\" sizes=\"(max-width: 800px) 100vw, 800px\" \/><\/p>\n<p><strong><a href=\"https:\/\/www.youtube.com\/watch?v=IkvBEACy6ew\">El pez Arcoiris<\/a> (2005)<\/strong><\/p>\n<p>El pez Arco\u00edris es el m\u00e1s bello de todos por su color brillante, pero tambi\u00e9n es el pez m\u00e1s solitario porque ninguno quiere estar a su lado.\u00bfC\u00f3mo puede conseguir volver a ser feliz? Lectura muy entretenida para ni\u00f1os mayores de cuatro a\u00f1os, con ilustraciones muy llamativas, muchos colores e ideal, en l\u00edneas generales, para tratar un tema como el de la amistad.<\/p>\n<p>&nbsp;<\/p>\n<p><img loading=\"lazy\" class=\"alignnone size-full wp-image-1032\" src=\"https:\/\/blog.institucio.org\/wp-content\/uploads\/2022\/04\/Elmer-elefante-colores.jpg\" alt=\"\" width=\"800\" height=\"500\" srcset=\"https:\/\/blog.institucio.org\/wp-content\/uploads\/2022\/04\/Elmer-elefante-colores.jpg 800w, https:\/\/blog.institucio.org\/wp-content\/uploads\/2022\/04\/Elmer-elefante-colores-300x188.jpg 300w, https:\/\/blog.institucio.org\/wp-content\/uploads\/2022\/04\/Elmer-elefante-colores-768x480.jpg 768w\" sizes=\"(max-width: 800px) 100vw, 800px\" \/><\/p>\n<p><strong><a href=\"https:\/\/www.youtube.com\/watch?v=CFY7SQnwnbE\">Elmer, el elefante de colores<\/a> (1968)<\/strong><\/p>\n<p>Un cuento en el que\u00a0Elmer aprende el valor de ser aut\u00e9ntico y quererse tal y como es. Tener un color de piel diferente es un rasgo propio y valioso que a la larga no tiene sentido ocultar. Entretenido y educativo libro que trata dos temas muy importantes: el respeto hacia el otro desde la aceptaci\u00f3n de las diferencias, y la importancia de ser aut\u00e9ntico, ser uno mismo y celebrar el ser diferente.<\/p>\n<p>&nbsp;<\/p>\n<p><img loading=\"lazy\" class=\"alignnone size-full wp-image-1042\" src=\"https:\/\/blog.institucio.org\/wp-content\/uploads\/2022\/04\/fantasmas-no-llaman-a-la-puerta.jpg\" alt=\"\" width=\"800\" height=\"500\" srcset=\"https:\/\/blog.institucio.org\/wp-content\/uploads\/2022\/04\/fantasmas-no-llaman-a-la-puerta.jpg 800w, https:\/\/blog.institucio.org\/wp-content\/uploads\/2022\/04\/fantasmas-no-llaman-a-la-puerta-300x188.jpg 300w, https:\/\/blog.institucio.org\/wp-content\/uploads\/2022\/04\/fantasmas-no-llaman-a-la-puerta-768x480.jpg 768w\" sizes=\"(max-width: 800px) 100vw, 800px\" \/><\/p>\n<p><strong><a href=\"https:\/\/www.youtube.com\/watch?v=VcRlzbz3Ii8\">Los fantasmas no llaman a la puerta<\/a> (2016)<\/strong><\/p>\n<p>La amistad y la importancia de saber compartir y de aprender estos valores desde bien peque\u00f1os son el eje de este cuento. Un libro que cuenta con ilustraciones preciosas y que a los ni\u00f1os les llaman mucho la atenci\u00f3n. El oso, la marmota y el pato son los tres personajes centrales de este cuento en el que destacar\u00edamos la actitud constructiva, con humor y educativa del oso.<\/p>\n<p>&nbsp;<\/p>\n<p><img loading=\"lazy\" class=\"alignnone size-full wp-image-1046\" src=\"https:\/\/blog.institucio.org\/wp-content\/uploads\/2022\/04\/adivina-cuanto-te-quiero.jpg\" alt=\"\" width=\"800\" height=\"500\" srcset=\"https:\/\/blog.institucio.org\/wp-content\/uploads\/2022\/04\/adivina-cuanto-te-quiero.jpg 800w, https:\/\/blog.institucio.org\/wp-content\/uploads\/2022\/04\/adivina-cuanto-te-quiero-300x188.jpg 300w, https:\/\/blog.institucio.org\/wp-content\/uploads\/2022\/04\/adivina-cuanto-te-quiero-768x480.jpg 768w\" sizes=\"(max-width: 800px) 100vw, 800px\" \/><\/p>\n<p><strong><a href=\"https:\/\/www.youtube.com\/watch?v=5q9gLH6u9f4\">Adivina cu\u00e1nto te quiero<\/a> (1995)<\/strong><\/p>\n<p>Libro en el que se destaca, sobre todo, la importancia que tiene el amor entre un padre y un hijo. Tambi\u00e9n se puede ver c\u00f3mo muchas veces, aunque queramos mucho a una persona, nos cuesta expresarle todo el amor que tenemos hacia ellos. I<span style=\"font-weight: 400;\">lustraciones elaboradas y muy visuales, que acompa\u00f1an perfectamente la historia y que encantar\u00e1n a los m\u00e1s peque\u00f1os.<\/span><\/p>\n","protected":false},"excerpt":{"rendered":"<p>Cada 23 de abril se celebra el D\u00eda Internacional del Libro y desde Instituci\u00f3 hemos pensado ofreceros algunas recomendaciones para ese d\u00eda, especialmente para la lectura por parte de los m\u00e1s peque\u00f1os de la casa. Para ello, hemos pedido ayuda a los estudiantes del Grado&#8230;<\/p>\n","protected":false},"author":3,"featured_media":1000,"comment_status":"closed","ping_status":"open","sticky":false,"template":"","format":"standard","meta":[],"categories":[66,62],"tags":[76],"yoast_head":"<!-- This site is optimized with the Yoast SEO plugin v16.4 - https:\/\/yoast.com\/wordpress\/plugins\/seo\/ -->\n<title>8 recomendaciones de literatura infantil para este Sant Jordi - Blog d&#039;educaci\u00f3<\/title>\n<meta name=\"robots\" content=\"index, follow, max-snippet:-1, max-image-preview:large, max-video-preview:-1\" \/>\n<link rel=\"canonical\" href=\"https:\/\/blog.institucio.org\/es\/2022\/04\/21\/8-recomendaciones-de-literatura-infantil-para-este-sant-jordi\/\" \/>\n<meta property=\"og:locale\" content=\"es_ES\" \/>\n<meta property=\"og:type\" content=\"article\" \/>\n<meta property=\"og:title\" content=\"8 recomendaciones de literatura infantil para este Sant Jordi - Blog d&#039;educaci\u00f3\" \/>\n<meta property=\"og:description\" content=\"Cada 23 de abril se celebra el D\u00eda Internacional del Libro y desde Instituci\u00f3 hemos pensado ofreceros algunas recomendaciones para ese d\u00eda, especialmente para la lectura por parte de los m\u00e1s peque\u00f1os de la casa. Para ello, hemos pedido ayuda a los estudiantes del Grado...\" \/>\n<meta property=\"og:url\" content=\"https:\/\/blog.institucio.org\/es\/2022\/04\/21\/8-recomendaciones-de-literatura-infantil-para-este-sant-jordi\/\" \/>\n<meta property=\"og:site_name\" content=\"Blog d&#039;educaci\u00f3\" \/>\n<meta property=\"article:published_time\" content=\"2022-04-21T08:14:53+00:00\" \/>\n<meta property=\"og:image\" content=\"https:\/\/blog.institucio.org\/wp-content\/uploads\/2022\/04\/stephen-andrews-u0zTce7KNlY-unsplash-scaled.jpg\" \/>\n\t<meta property=\"og:image:width\" content=\"2560\" \/>\n\t<meta property=\"og:image:height\" content=\"1709\" \/>\n<meta name=\"twitter:card\" content=\"summary_large_image\" \/>\n<meta name=\"twitter:creator\" content=\"@_institucio\" \/>\n<meta name=\"twitter:site\" content=\"@_institucio\" \/>\n<meta name=\"twitter:label1\" content=\"Tiempo de lectura\" \/>\n\t<meta name=\"twitter:data1\" content=\"5 minutos\" \/>\n<script type=\"application\/ld+json\" class=\"yoast-schema-graph\">{\"@context\":\"https:\/\/schema.org\",\"@graph\":[{\"@type\":\"WebSite\",\"@id\":\"https:\/\/blog.institucio.org\/#website\",\"url\":\"https:\/\/blog.institucio.org\/\",\"name\":\"Blog d&#039;educaci\\u00f3\",\"description\":\"Instituci\\u00f3 Familiar d&#039;Educaci\\u00f3\",\"potentialAction\":[{\"@type\":\"SearchAction\",\"target\":\"https:\/\/blog.institucio.org\/?s={search_term_string}\",\"query-input\":\"required name=search_term_string\"}],\"inLanguage\":\"es\"},{\"@type\":\"ImageObject\",\"@id\":\"https:\/\/blog.institucio.org\/es\/2022\/04\/21\/8-recomendaciones-de-literatura-infantil-para-este-sant-jordi\/#primaryimage\",\"inLanguage\":\"es\",\"url\":\"https:\/\/blog.institucio.org\/wp-content\/uploads\/2022\/04\/stephen-andrews-u0zTce7KNlY-unsplash-scaled.jpg\",\"contentUrl\":\"https:\/\/blog.institucio.org\/wp-content\/uploads\/2022\/04\/stephen-andrews-u0zTce7KNlY-unsplash-scaled.jpg\",\"width\":2560,\"height\":1709,\"caption\":\"Contes per a nens petits\"},{\"@type\":\"WebPage\",\"@id\":\"https:\/\/blog.institucio.org\/es\/2022\/04\/21\/8-recomendaciones-de-literatura-infantil-para-este-sant-jordi\/#webpage\",\"url\":\"https:\/\/blog.institucio.org\/es\/2022\/04\/21\/8-recomendaciones-de-literatura-infantil-para-este-sant-jordi\/\",\"name\":\"8 recomendaciones de literatura infantil para este Sant Jordi - Blog d&#039;educaci\\u00f3\",\"isPartOf\":{\"@id\":\"https:\/\/blog.institucio.org\/#website\"},\"primaryImageOfPage\":{\"@id\":\"https:\/\/blog.institucio.org\/es\/2022\/04\/21\/8-recomendaciones-de-literatura-infantil-para-este-sant-jordi\/#primaryimage\"},\"datePublished\":\"2022-04-21T08:14:53+00:00\",\"dateModified\":\"2022-04-21T08:14:53+00:00\",\"author\":{\"@id\":\"https:\/\/blog.institucio.org\/#\/schema\/person\/e4d81a1ee8e6824c44009a9c07b7132b\"},\"breadcrumb\":{\"@id\":\"https:\/\/blog.institucio.org\/es\/2022\/04\/21\/8-recomendaciones-de-literatura-infantil-para-este-sant-jordi\/#breadcrumb\"},\"inLanguage\":\"es\",\"potentialAction\":[{\"@type\":\"ReadAction\",\"target\":[\"https:\/\/blog.institucio.org\/es\/2022\/04\/21\/8-recomendaciones-de-literatura-infantil-para-este-sant-jordi\/\"]}]},{\"@type\":\"BreadcrumbList\",\"@id\":\"https:\/\/blog.institucio.org\/es\/2022\/04\/21\/8-recomendaciones-de-literatura-infantil-para-este-sant-jordi\/#breadcrumb\",\"itemListElement\":[{\"@type\":\"ListItem\",\"position\":1,\"item\":{\"@type\":\"WebPage\",\"@id\":\"https:\/\/blog.institucio.org\/es\/\",\"url\":\"https:\/\/blog.institucio.org\/es\/\",\"name\":\"Inici\"}},{\"@type\":\"ListItem\",\"position\":2,\"item\":{\"@id\":\"https:\/\/blog.institucio.org\/es\/2022\/04\/21\/8-recomendaciones-de-literatura-infantil-para-este-sant-jordi\/#webpage\"}}]},{\"@type\":\"Person\",\"@id\":\"https:\/\/blog.institucio.org\/#\/schema\/person\/e4d81a1ee8e6824c44009a9c07b7132b\",\"name\":\"Instituci\\u00f3\",\"image\":{\"@type\":\"ImageObject\",\"@id\":\"https:\/\/blog.institucio.org\/#personlogo\",\"inLanguage\":\"es\",\"url\":\"https:\/\/secure.gravatar.com\/avatar\/27c4ea3c1926cce35d5afde9939e49fc?s=96&d=mm&r=g\",\"contentUrl\":\"https:\/\/secure.gravatar.com\/avatar\/27c4ea3c1926cce35d5afde9939e49fc?s=96&d=mm&r=g\",\"caption\":\"Instituci\\u00f3\"},\"url\":\"https:\/\/blog.institucio.org\/es\/author\/javiermonta\/\"}]}<\/script>\n<!-- \/ Yoast SEO plugin. -->","_links":{"self":[{"href":"https:\/\/blog.institucio.org\/es\/wp-json\/wp\/v2\/posts\/1049"}],"collection":[{"href":"https:\/\/blog.institucio.org\/es\/wp-json\/wp\/v2\/posts"}],"about":[{"href":"https:\/\/blog.institucio.org\/es\/wp-json\/wp\/v2\/types\/post"}],"author":[{"embeddable":true,"href":"https:\/\/blog.institucio.org\/es\/wp-json\/wp\/v2\/users\/3"}],"replies":[{"embeddable":true,"href":"https:\/\/blog.institucio.org\/es\/wp-json\/wp\/v2\/comments?post=1049"}],"version-history":[{"count":3,"href":"https:\/\/blog.institucio.org\/es\/wp-json\/wp\/v2\/posts\/1049\/revisions"}],"predecessor-version":[{"id":1060,"href":"https:\/\/blog.institucio.org\/es\/wp-json\/wp\/v2\/posts\/1049\/revisions\/1060"}],"wp:featuredmedia":[{"embeddable":true,"href":"https:\/\/blog.institucio.org\/es\/wp-json\/wp\/v2\/media\/1000"}],"wp:attachment":[{"href":"https:\/\/blog.institucio.org\/es\/wp-json\/wp\/v2\/media?parent=1049"}],"wp:term":[{"taxonomy":"category","embeddable":true,"href":"https:\/\/blog.institucio.org\/es\/wp-json\/wp\/v2\/categories?post=1049"},{"taxonomy":"post_tag","embeddable":true,"href":"https:\/\/blog.institucio.org\/es\/wp-json\/wp\/v2\/tags?post=1049"}],"curies":[{"name":"wp","href":"https:\/\/api.w.org\/{rel}","templated":true}]}}