{"id":1144,"date":"2022-05-20T13:57:31","date_gmt":"2022-05-20T11:57:31","guid":{"rendered":"https:\/\/blog.institucio.org\/?p=1144"},"modified":"2022-05-20T14:05:33","modified_gmt":"2022-05-20T12:05:33","slug":"orden-y-ninos","status":"publish","type":"post","link":"https:\/\/blog.institucio.org\/es\/2022\/05\/20\/orden-y-ninos\/","title":{"rendered":"\u00bfOrden y ni\u00f1os?"},"content":{"rendered":"<h2>7 consejos para ense\u00f1ar a nuestros hijos e hijas a vivir el orden en casa y en el colegio<\/h2>\n<p>&nbsp;<\/p>\n<p>El orden es una virtud que se sit\u00faa en la base de todas las otras virtudes humanas. Proporciona confianza y seguridad, y evita contratiempos. <strong>La educaci\u00f3n del orden empieza desde muy peque\u00f1os, y es necesaria para el correcto desarrollo f\u00edsico y mental de los ni\u00f1os.<\/strong><\/p>\n<p>&nbsp;<\/p>\n<ul>\n<li>Orden en los horarios de comer.<\/li>\n<li>Orden en las horas de sue\u00f1o.<\/li>\n<li>Orden en el aseo personal y en las necesidades fisiol\u00f3gicas.<\/li>\n<li>Orden en las salidas de paseo, los tiempos de juego.<\/li>\n<li>Orden en casa, juguetes, ropa, etc.<\/li>\n<\/ul>\n<p>&nbsp;<\/p>\n<p>Los ni\u00f1os van desarrollando su propio sentido de orden l\u00f3gico y tienen tendencia a ordenar por medidas, materiales, colores, tipolog\u00edas&#8230; Cuando un ni\u00f1o se acostumbra a tener los juguetes guardados en el mismo lugar, tendr\u00e1 tendencia al orden, lo har\u00e1 como un juego y adem\u00e1s encontrar\u00e1 satisfacci\u00f3n al hacerlo. De los 2 a los 5 a\u00f1os no es dif\u00edcil conseguir que el ni\u00f1o guarde los juguetes o su ropa en el mismo lugar. Por eso tenemos que jugar con \u00e9l repetidas veces a poner las cosas en el mismo lugar y en el mismo orden.<\/p>\n<p>&nbsp;<\/p>\n<p><strong>La carencia de orden en el entorno y en el horario del ni\u00f1o produce: <\/strong><\/p>\n<ul>\n<li>Inseguridad y dependencia.<\/li>\n<li>Desorganizaci\u00f3n y desorden en su vida.<\/li>\n<li>Dificultad en la organizaci\u00f3n de su trabajo intelectual.<\/li>\n<li>Poca fuerza de voluntad. Carencia de h\u00e1bitos.<\/li>\n<li>Poca colaboraci\u00f3n.<\/li>\n<\/ul>\n<p>&nbsp;<\/p>\n<p><strong>La necesidad de orden en el entorno del ni\u00f1o no tiene nada que ver con el orden est\u00e9tico del adulto<\/strong>. Se trata de establecer un lugar para cada cosa de forma que<\/p>\n<p>el ni\u00f1o pueda situar cada cosa en su lugar, y as\u00ed pueda orientarse, comprender e interpretar su mundo.<\/p>\n<p>&nbsp;<\/p>\n<p>Las maestras de <a href=\"https:\/\/lafargainfantil.institucio.org\/es\/\"><strong>La Farga infantil<\/strong><\/a> nos dan algunos <strong>consejos para ense\u00f1ar a nuestros hijos e hijas a vivir el orden en casa y en el colegio<\/strong>.<\/p>\n<p>&nbsp;<\/p>\n<ol>\n<li><strong>Ser ejemplo<\/strong>. Antes de nada, debemos dar ejemplo con nuestros actos.<\/li>\n<li><strong>D\u00e9jale que se equivoque<\/strong>. Nuestra actitud debe transmitirles mensajes de autonom\u00eda y no de sobreprotecci\u00f3n.<\/li>\n<li><strong>Pon l\u00edmites.<\/strong> Las normas ayudan a saber lo que tenemos que hacer y a conocer nuestros l\u00edmites y las consecuencias nos ayudan a cumplir las normas.<\/li>\n<li>Como cualquier ser humano los ni\u00f1os aprenden por ensayo y error.<\/li>\n<li><strong>La organizaci\u00f3n del entorno es tarea del adulto<\/strong>; los adultos organizamos el ambiente, el mobiliario y el material para facilitar la autonom\u00eda de los ni\u00f1os. Despu\u00e9s les ense\u00f1aremos a limpiarlo y a tener cuidado de las cosas.<\/li>\n<li><strong>Adapta el entorno<\/strong> a las necesidades de los ni\u00f1os.<\/li>\n<li><strong>Organiza la habitaci\u00f3n estableciendo<\/strong> <strong>un lugar para cada cosa y a su alcance<\/strong>. Guarda los juguetes en lugares accesibles y c\u00f3modos, ens\u00e9\u00f1ale que cada juguete se guarda en un lugar, coloca los cuentos en estantes bajos, ten perchas a su medida para que pueda colgar sus cosas al llegar de la escuela&#8230; y prioriza que prevalezca la autonom\u00eda m\u00e1s que no la est\u00e9tica.<\/li>\n<\/ol>\n","protected":false},"excerpt":{"rendered":"<p>7 consejos para ense\u00f1ar a nuestros hijos e hijas a vivir el orden en casa y en el colegio &nbsp; El orden es una virtud que se sit\u00faa en la base de todas las otras virtudes humanas. Proporciona confianza y seguridad, y evita contratiempos. La&#8230;<\/p>\n","protected":false},"author":4,"featured_media":1143,"comment_status":"closed","ping_status":"open","sticky":false,"template":"","format":"standard","meta":[],"categories":[66,62],"tags":[175,114,115,118,76],"yoast_head":"<!-- This site is optimized with the Yoast SEO plugin v16.4 - https:\/\/yoast.com\/wordpress\/plugins\/seo\/ -->\n<title>\u00bfOrden y ni\u00f1os? - Blog d&#039;educaci\u00f3<\/title>\n<meta name=\"robots\" content=\"index, follow, max-snippet:-1, max-image-preview:large, max-video-preview:-1\" \/>\n<link rel=\"canonical\" href=\"https:\/\/blog.institucio.org\/es\/2022\/05\/20\/orden-y-ninos\/\" \/>\n<meta property=\"og:locale\" content=\"es_ES\" \/>\n<meta property=\"og:type\" content=\"article\" \/>\n<meta property=\"og:title\" content=\"\u00bfOrden y ni\u00f1os? - Blog d&#039;educaci\u00f3\" \/>\n<meta property=\"og:description\" content=\"7 consejos para ense\u00f1ar a nuestros hijos e hijas a vivir el orden en casa y en el colegio &nbsp; El orden es una virtud que se sit\u00faa en la base de todas las otras virtudes humanas. Proporciona confianza y seguridad, y evita contratiempos. La...\" \/>\n<meta property=\"og:url\" content=\"https:\/\/blog.institucio.org\/es\/2022\/05\/20\/orden-y-ninos\/\" \/>\n<meta property=\"og:site_name\" content=\"Blog d&#039;educaci\u00f3\" \/>\n<meta property=\"article:published_time\" content=\"2022-05-20T11:57:31+00:00\" \/>\n<meta property=\"article:modified_time\" content=\"2022-05-20T12:05:33+00:00\" \/>\n<meta property=\"og:image\" content=\"https:\/\/blog.institucio.org\/wp-content\/uploads\/2022\/05\/orden-y-ninos.jpg\" \/>\n\t<meta property=\"og:image:width\" content=\"800\" \/>\n\t<meta property=\"og:image:height\" content=\"500\" \/>\n<meta name=\"twitter:card\" content=\"summary_large_image\" \/>\n<meta name=\"twitter:creator\" content=\"@_institucio\" \/>\n<meta name=\"twitter:site\" content=\"@_institucio\" \/>\n<meta name=\"twitter:label1\" content=\"Tiempo de lectura\" \/>\n\t<meta name=\"twitter:data1\" content=\"3 minutos\" \/>\n<script type=\"application\/ld+json\" class=\"yoast-schema-graph\">{\"@context\":\"https:\/\/schema.org\",\"@graph\":[{\"@type\":\"WebSite\",\"@id\":\"https:\/\/blog.institucio.org\/#website\",\"url\":\"https:\/\/blog.institucio.org\/\",\"name\":\"Blog d&#039;educaci\\u00f3\",\"description\":\"Instituci\\u00f3 Familiar d&#039;Educaci\\u00f3\",\"potentialAction\":[{\"@type\":\"SearchAction\",\"target\":\"https:\/\/blog.institucio.org\/?s={search_term_string}\",\"query-input\":\"required name=search_term_string\"}],\"inLanguage\":\"es\"},{\"@type\":\"ImageObject\",\"@id\":\"https:\/\/blog.institucio.org\/es\/2022\/05\/20\/orden-y-ninos\/#primaryimage\",\"inLanguage\":\"es\",\"url\":\"https:\/\/blog.institucio.org\/wp-content\/uploads\/2022\/05\/orden-y-ninos.jpg\",\"contentUrl\":\"https:\/\/blog.institucio.org\/wp-content\/uploads\/2022\/05\/orden-y-ninos.jpg\",\"width\":800,\"height\":500,\"caption\":\"ni\\u00f1os y casa ordenada\"},{\"@type\":\"WebPage\",\"@id\":\"https:\/\/blog.institucio.org\/es\/2022\/05\/20\/orden-y-ninos\/#webpage\",\"url\":\"https:\/\/blog.institucio.org\/es\/2022\/05\/20\/orden-y-ninos\/\",\"name\":\"\\u00bfOrden y ni\\u00f1os? - Blog d&#039;educaci\\u00f3\",\"isPartOf\":{\"@id\":\"https:\/\/blog.institucio.org\/#website\"},\"primaryImageOfPage\":{\"@id\":\"https:\/\/blog.institucio.org\/es\/2022\/05\/20\/orden-y-ninos\/#primaryimage\"},\"datePublished\":\"2022-05-20T11:57:31+00:00\",\"dateModified\":\"2022-05-20T12:05:33+00:00\",\"author\":{\"@id\":\"https:\/\/blog.institucio.org\/#\/schema\/person\/7deb48c05d34675862918068c8d28cc4\"},\"breadcrumb\":{\"@id\":\"https:\/\/blog.institucio.org\/es\/2022\/05\/20\/orden-y-ninos\/#breadcrumb\"},\"inLanguage\":\"es\",\"potentialAction\":[{\"@type\":\"ReadAction\",\"target\":[\"https:\/\/blog.institucio.org\/es\/2022\/05\/20\/orden-y-ninos\/\"]}]},{\"@type\":\"BreadcrumbList\",\"@id\":\"https:\/\/blog.institucio.org\/es\/2022\/05\/20\/orden-y-ninos\/#breadcrumb\",\"itemListElement\":[{\"@type\":\"ListItem\",\"position\":1,\"item\":{\"@type\":\"WebPage\",\"@id\":\"https:\/\/blog.institucio.org\/es\/\",\"url\":\"https:\/\/blog.institucio.org\/es\/\",\"name\":\"Inici\"}},{\"@type\":\"ListItem\",\"position\":2,\"item\":{\"@id\":\"https:\/\/blog.institucio.org\/es\/2022\/05\/20\/orden-y-ninos\/#webpage\"}}]},{\"@type\":\"Person\",\"@id\":\"https:\/\/blog.institucio.org\/#\/schema\/person\/7deb48c05d34675862918068c8d28cc4\",\"name\":\"Comunicaci\\u00f3\",\"image\":{\"@type\":\"ImageObject\",\"@id\":\"https:\/\/blog.institucio.org\/#personlogo\",\"inLanguage\":\"es\",\"url\":\"https:\/\/secure.gravatar.com\/avatar\/9d1fc191db8018e3fffc7c081a23a85d?s=96&d=mm&r=g\",\"contentUrl\":\"https:\/\/secure.gravatar.com\/avatar\/9d1fc191db8018e3fffc7c081a23a85d?s=96&d=mm&r=g\",\"caption\":\"Comunicaci\\u00f3\"},\"url\":\"https:\/\/blog.institucio.org\/es\/author\/gemma\/\"}]}<\/script>\n<!-- \/ Yoast SEO plugin. -->","_links":{"self":[{"href":"https:\/\/blog.institucio.org\/es\/wp-json\/wp\/v2\/posts\/1144"}],"collection":[{"href":"https:\/\/blog.institucio.org\/es\/wp-json\/wp\/v2\/posts"}],"about":[{"href":"https:\/\/blog.institucio.org\/es\/wp-json\/wp\/v2\/types\/post"}],"author":[{"embeddable":true,"href":"https:\/\/blog.institucio.org\/es\/wp-json\/wp\/v2\/users\/4"}],"replies":[{"embeddable":true,"href":"https:\/\/blog.institucio.org\/es\/wp-json\/wp\/v2\/comments?post=1144"}],"version-history":[{"count":2,"href":"https:\/\/blog.institucio.org\/es\/wp-json\/wp\/v2\/posts\/1144\/revisions"}],"predecessor-version":[{"id":1150,"href":"https:\/\/blog.institucio.org\/es\/wp-json\/wp\/v2\/posts\/1144\/revisions\/1150"}],"wp:featuredmedia":[{"embeddable":true,"href":"https:\/\/blog.institucio.org\/es\/wp-json\/wp\/v2\/media\/1143"}],"wp:attachment":[{"href":"https:\/\/blog.institucio.org\/es\/wp-json\/wp\/v2\/media?parent=1144"}],"wp:term":[{"taxonomy":"category","embeddable":true,"href":"https:\/\/blog.institucio.org\/es\/wp-json\/wp\/v2\/categories?post=1144"},{"taxonomy":"post_tag","embeddable":true,"href":"https:\/\/blog.institucio.org\/es\/wp-json\/wp\/v2\/tags?post=1144"}],"curies":[{"name":"wp","href":"https:\/\/api.w.org\/{rel}","templated":true}]}}