{"id":1199,"date":"2022-06-15T18:06:17","date_gmt":"2022-06-15T16:06:17","guid":{"rendered":"https:\/\/blog.institucio.org\/?p=1199"},"modified":"2022-06-15T18:06:17","modified_gmt":"2022-06-15T16:06:17","slug":"deberes-de-verano-si-o-no","status":"publish","type":"post","link":"https:\/\/blog.institucio.org\/es\/2022\/06\/15\/deberes-de-verano-si-o-no\/","title":{"rendered":"Deberes de verano: \u00bfs\u00ed o no?"},"content":{"rendered":"<p>Los deberes de verano son uno de los temas que causan m\u00e1s pol\u00e9mica y controversia entre las familias y tambi\u00e9n entre el profesorado. Como psicopedagoga soy partidaria de que los tengan, principalmente porque favorecen la pr\u00e1ctica del orden, la organizaci\u00f3n y la priorizaci\u00f3n de tareas. Pero tampoco hace falta que conlleven la realizaci\u00f3n de tres cuadernos de lengua y\/o cuatro de matem\u00e1ticas, por ejemplo. Os propongo algunas <strong>actividades complementarias<\/strong>:<\/p>\n<p>&nbsp;<\/p>\n<p><strong>LECTURA:<\/strong> un libro, el que quieran, que les guste y sea formativo, pero que vayan a leer. Como padres ten\u00e9is el papel de orientarlos. Procurad que no se sientan obligados, como les puede suceder con las lecturas recomendadas por el colegio. Que sean ellos los protagonistas y elijan el libro que m\u00e1s les guste. De este modo, estar\u00e1n motivados para leer un poco cada d\u00eda.<\/p>\n<p>&nbsp;<\/p>\n<p><strong>CAMPAMENTOS\/CASALES:<\/strong> como monitora de tiempo libre, he participado en cursos de verano como los <em>Summer Camps<\/em> de<u><a href=\"https:\/\/lavall.institucio.org\/es\/\"> La Vall<\/a> y <a href=\"https:\/\/lafargainfantil.institucio.org\/es\/\">La Farga Infantil<\/a><\/u>. Creo que este tipo de casales o los campamentos son una gran oportunidad de aprendizaje, un momento de desconexi\u00f3n, de conocerse a uno mismo y de aprender a relacionarse con la naturaleza y con otros ni\u00f1os. Adem\u00e1s, suele haber un amplio cat\u00e1logo de actividades relacionadas con el deporte, el arte, los idiomas, etc.<\/p>\n<p>&nbsp;<\/p>\n<p><strong>PEL\u00cdCULA o SERIE en lengua extranjera:<\/strong> no hay mejor manera de aprender otra lengua que divirti\u00e9ndose. Este verano pod\u00e9is seleccionar algunas pel\u00edculas o series educativas para acercar a vuestros hijos, por ejemplo, al ingl\u00e9s.<\/p>\n<p>&nbsp;<\/p>\n<p><strong>CUADERNOS:<\/strong> proponerse hacer uno completo que contenga apartados de matem\u00e1ticas, lengua, historia o cualquier asignatura que dese\u00e9is reforzar, pero con calma. Recordad que la meta no es que lo termine sino que repase y consolide aquello que ha aprendido durante el curso.<\/p>\n<p>&nbsp;<\/p>\n<p><strong>JUEGOS (con y sin pantallas):<\/strong> pod\u00e9is jugar a juegos de mesa y, a partir de primaria,\u00a0 introducirlos en el mundo de los juegos online, siempre con la supervisi\u00f3n de un adulto. Es una oportunidad fant\u00e1stica para familiarizarlos con el buen uso de las tecnolog\u00edas y para establecer l\u00edmites horarios de exposici\u00f3n a las pantallas.<\/p>\n<p>&nbsp;<\/p>\n<p><strong>VIAJE\/ESCAPADA FAMILIAR:<\/strong> hacer una escapada familiar en verano puede ser muy positivo. No es necesario irse ni muy lejos ni durante muchos d\u00edas, solo se trata de cambiar un poco de aires. Por ejemplo, pod\u00e9is pasar un fin de semana largo en la playa o en la monta\u00f1a, o volar a cualquier sitio. El objetivo es romper con la rutina, y descubrir mundo, un modo \u00f3ptimo de aprender sobre la vida, y enriquecerse como persona.<\/p>\n<p>&nbsp;<\/p>\n<p>Soy de las que piensa que se aprende m\u00e1s y mejor a trav\u00e9s de actividades l\u00fadicas \u00a0que a trav\u00e9s de tareas impuestas, sobre todo en vacaciones. As\u00ed que \u00a1\u00e1nimo familias! \u00a1Felices vacaciones!<\/p>\n<p>&nbsp;<\/p>\n<p>Psicopedagoga:<strong> Maria Gil <a href=\"https:\/\/www.instagram.com\/toc.psychohelp\/\">@toc.psychohelp<\/a><\/strong><\/p>\n","protected":false},"excerpt":{"rendered":"<p>Los deberes de verano son uno de los temas que causan m\u00e1s pol\u00e9mica y controversia entre las familias y tambi\u00e9n entre el profesorado. Como psicopedagoga soy partidaria de que los tengan, principalmente porque favorecen la pr\u00e1ctica del orden, la organizaci\u00f3n y la priorizaci\u00f3n de tareas&#8230;.<\/p>\n","protected":false},"author":4,"featured_media":1194,"comment_status":"closed","ping_status":"open","sticky":false,"template":"","format":"standard","meta":[],"categories":[66],"tags":[76],"yoast_head":"<!-- This site is optimized with the Yoast SEO plugin v16.4 - https:\/\/yoast.com\/wordpress\/plugins\/seo\/ -->\n<title>Deberes de verano: \u00bfs\u00ed o no? - Blog d&#039;educaci\u00f3<\/title>\n<meta name=\"robots\" content=\"index, follow, max-snippet:-1, max-image-preview:large, max-video-preview:-1\" \/>\n<link rel=\"canonical\" href=\"https:\/\/blog.institucio.org\/es\/2022\/06\/15\/deberes-de-verano-si-o-no\/\" \/>\n<meta property=\"og:locale\" content=\"es_ES\" \/>\n<meta property=\"og:type\" content=\"article\" \/>\n<meta property=\"og:title\" content=\"Deberes de verano: \u00bfs\u00ed o no? - Blog d&#039;educaci\u00f3\" \/>\n<meta property=\"og:description\" content=\"Los deberes de verano son uno de los temas que causan m\u00e1s pol\u00e9mica y controversia entre las familias y tambi\u00e9n entre el profesorado. Como psicopedagoga soy partidaria de que los tengan, principalmente porque favorecen la pr\u00e1ctica del orden, la organizaci\u00f3n y la priorizaci\u00f3n de tareas....\" \/>\n<meta property=\"og:url\" content=\"https:\/\/blog.institucio.org\/es\/2022\/06\/15\/deberes-de-verano-si-o-no\/\" \/>\n<meta property=\"og:site_name\" content=\"Blog d&#039;educaci\u00f3\" \/>\n<meta property=\"article:published_time\" content=\"2022-06-15T16:06:17+00:00\" \/>\n<meta property=\"og:image\" content=\"https:\/\/blog.institucio.org\/wp-content\/uploads\/2022\/06\/jessica-lewis-zNFT3o8HWks-unsplash-scaled.jpg\" \/>\n\t<meta property=\"og:image:width\" content=\"2560\" \/>\n\t<meta property=\"og:image:height\" content=\"1707\" \/>\n<meta name=\"twitter:card\" content=\"summary_large_image\" \/>\n<meta name=\"twitter:creator\" content=\"@_institucio\" \/>\n<meta name=\"twitter:site\" content=\"@_institucio\" \/>\n<meta name=\"twitter:label1\" content=\"Tiempo de lectura\" \/>\n\t<meta name=\"twitter:data1\" content=\"2 minutos\" \/>\n<script type=\"application\/ld+json\" class=\"yoast-schema-graph\">{\"@context\":\"https:\/\/schema.org\",\"@graph\":[{\"@type\":\"WebSite\",\"@id\":\"https:\/\/blog.institucio.org\/#website\",\"url\":\"https:\/\/blog.institucio.org\/\",\"name\":\"Blog d&#039;educaci\\u00f3\",\"description\":\"Instituci\\u00f3 Familiar d&#039;Educaci\\u00f3\",\"potentialAction\":[{\"@type\":\"SearchAction\",\"target\":\"https:\/\/blog.institucio.org\/?s={search_term_string}\",\"query-input\":\"required name=search_term_string\"}],\"inLanguage\":\"es\"},{\"@type\":\"ImageObject\",\"@id\":\"https:\/\/blog.institucio.org\/es\/2022\/06\/15\/deberes-de-verano-si-o-no\/#primaryimage\",\"inLanguage\":\"es\",\"url\":\"https:\/\/blog.institucio.org\/wp-content\/uploads\/2022\/06\/jessica-lewis-zNFT3o8HWks-unsplash-scaled.jpg\",\"contentUrl\":\"https:\/\/blog.institucio.org\/wp-content\/uploads\/2022\/06\/jessica-lewis-zNFT3o8HWks-unsplash-scaled.jpg\",\"width\":2560,\"height\":1707,\"caption\":\"Deberes de verano divertidos\"},{\"@type\":\"WebPage\",\"@id\":\"https:\/\/blog.institucio.org\/es\/2022\/06\/15\/deberes-de-verano-si-o-no\/#webpage\",\"url\":\"https:\/\/blog.institucio.org\/es\/2022\/06\/15\/deberes-de-verano-si-o-no\/\",\"name\":\"Deberes de verano: \\u00bfs\\u00ed o no? - Blog d&#039;educaci\\u00f3\",\"isPartOf\":{\"@id\":\"https:\/\/blog.institucio.org\/#website\"},\"primaryImageOfPage\":{\"@id\":\"https:\/\/blog.institucio.org\/es\/2022\/06\/15\/deberes-de-verano-si-o-no\/#primaryimage\"},\"datePublished\":\"2022-06-15T16:06:17+00:00\",\"dateModified\":\"2022-06-15T16:06:17+00:00\",\"author\":{\"@id\":\"https:\/\/blog.institucio.org\/#\/schema\/person\/7deb48c05d34675862918068c8d28cc4\"},\"breadcrumb\":{\"@id\":\"https:\/\/blog.institucio.org\/es\/2022\/06\/15\/deberes-de-verano-si-o-no\/#breadcrumb\"},\"inLanguage\":\"es\",\"potentialAction\":[{\"@type\":\"ReadAction\",\"target\":[\"https:\/\/blog.institucio.org\/es\/2022\/06\/15\/deberes-de-verano-si-o-no\/\"]}]},{\"@type\":\"BreadcrumbList\",\"@id\":\"https:\/\/blog.institucio.org\/es\/2022\/06\/15\/deberes-de-verano-si-o-no\/#breadcrumb\",\"itemListElement\":[{\"@type\":\"ListItem\",\"position\":1,\"item\":{\"@type\":\"WebPage\",\"@id\":\"https:\/\/blog.institucio.org\/es\/\",\"url\":\"https:\/\/blog.institucio.org\/es\/\",\"name\":\"Inici\"}},{\"@type\":\"ListItem\",\"position\":2,\"item\":{\"@id\":\"https:\/\/blog.institucio.org\/es\/2022\/06\/15\/deberes-de-verano-si-o-no\/#webpage\"}}]},{\"@type\":\"Person\",\"@id\":\"https:\/\/blog.institucio.org\/#\/schema\/person\/7deb48c05d34675862918068c8d28cc4\",\"name\":\"Comunicaci\\u00f3\",\"image\":{\"@type\":\"ImageObject\",\"@id\":\"https:\/\/blog.institucio.org\/#personlogo\",\"inLanguage\":\"es\",\"url\":\"https:\/\/secure.gravatar.com\/avatar\/9d1fc191db8018e3fffc7c081a23a85d?s=96&d=mm&r=g\",\"contentUrl\":\"https:\/\/secure.gravatar.com\/avatar\/9d1fc191db8018e3fffc7c081a23a85d?s=96&d=mm&r=g\",\"caption\":\"Comunicaci\\u00f3\"},\"url\":\"https:\/\/blog.institucio.org\/es\/author\/gemma\/\"}]}<\/script>\n<!-- \/ Yoast SEO plugin. -->","_links":{"self":[{"href":"https:\/\/blog.institucio.org\/es\/wp-json\/wp\/v2\/posts\/1199"}],"collection":[{"href":"https:\/\/blog.institucio.org\/es\/wp-json\/wp\/v2\/posts"}],"about":[{"href":"https:\/\/blog.institucio.org\/es\/wp-json\/wp\/v2\/types\/post"}],"author":[{"embeddable":true,"href":"https:\/\/blog.institucio.org\/es\/wp-json\/wp\/v2\/users\/4"}],"replies":[{"embeddable":true,"href":"https:\/\/blog.institucio.org\/es\/wp-json\/wp\/v2\/comments?post=1199"}],"version-history":[{"count":1,"href":"https:\/\/blog.institucio.org\/es\/wp-json\/wp\/v2\/posts\/1199\/revisions"}],"predecessor-version":[{"id":1200,"href":"https:\/\/blog.institucio.org\/es\/wp-json\/wp\/v2\/posts\/1199\/revisions\/1200"}],"wp:featuredmedia":[{"embeddable":true,"href":"https:\/\/blog.institucio.org\/es\/wp-json\/wp\/v2\/media\/1194"}],"wp:attachment":[{"href":"https:\/\/blog.institucio.org\/es\/wp-json\/wp\/v2\/media?parent=1199"}],"wp:term":[{"taxonomy":"category","embeddable":true,"href":"https:\/\/blog.institucio.org\/es\/wp-json\/wp\/v2\/categories?post=1199"},{"taxonomy":"post_tag","embeddable":true,"href":"https:\/\/blog.institucio.org\/es\/wp-json\/wp\/v2\/tags?post=1199"}],"curies":[{"name":"wp","href":"https:\/\/api.w.org\/{rel}","templated":true}]}}