{"id":1203,"date":"2022-06-17T15:09:00","date_gmt":"2022-06-17T13:09:00","guid":{"rendered":"https:\/\/blog.institucio.org\/?p=1203"},"modified":"2022-06-17T15:09:00","modified_gmt":"2022-06-17T13:09:00","slug":"papa-mama-estoy-aburrido","status":"publish","type":"post","link":"https:\/\/blog.institucio.org\/es\/2022\/06\/17\/papa-mama-estoy-aburrido\/","title":{"rendered":"Pap\u00e1, mam\u00e1, estoy aburrido"},"content":{"rendered":"<p>Hoy a los padres de mi curso, una de las cosas de las que les voy a hablar es que <strong>en verano sus hijos deben aprender a aburrirse<\/strong>.<\/p>\n<p>Os pongo en situaci\u00f3n, en verano hac\u00e9is un plan familiar por la ma\u00f1ana, despu\u00e9s de comer hac\u00e9is algunos juegos de mesa y despu\u00e9s de todo esto, te viene tu hijo y te dice: \u201cPap\u00e1, mam\u00e1, estoy aburrido\u201d. Solo os pido que no entr\u00e9is en c\u00f3lera, en p\u00e1nico. Y no hag\u00e1is el recurso f\u00e1cil que muchos podemos caer: \u201cponte dibujos en la TV o juega a la tablet\u201d.<\/p>\n<p>HAY QUE DEJAR QUE SE ABURRA.<\/p>\n<p>Todo nuestro esfuerzo para evitar que se aburran lo hacemos, muchas veces, m\u00e1s por nosotros que por ellos. \u00bfEs tan malo aburrirse?<br \/>\n\u00bfQu\u00e9 hac\u00edamos en nuestra \u00e9poca cuando no hab\u00eda tanta tecnolog\u00eda y hac\u00edamos un viaje largo en coche? Pues MIRAR POR LA VENTANA y se activaba la imaginaci\u00f3n. \u00bfY si \u00edbamos a un restaurante con nuestros padres? Ped\u00edamos una servilleta y un bol\u00edgrafo\u2026 Ahora estamos en que nuestros hijos deben estar ocupados las 24 horas del d\u00eda.<\/p>\n<p>Nuestros hijos han de aprender a aburrirse, es bueno para nosotros pero tambi\u00e9n para los peques de casa.<\/p>\n<p>Me vais a matar\u2026 pero \u00a1Es genial que se aburran!<br \/>\nY, \u00bfen qu\u00e9 ganan?<\/p>\n<p><strong>Autonom\u00eda<\/strong>: Una de las cosas que desarrollan es su autonom\u00eda, de buscarse su plan, sus recursos. Ser\u00e1 menos dependiente de nosotros y os dir\u00e9 m\u00e1s\u2026 es muy sano para su autoestima. Y con todo esto ganar\u00e1n confianza, pondr\u00e1n a prueba sus l\u00edmites y les ayudar\u00e1 a conocerse mucho mejor.<\/p>\n<p><strong>Creatividad<\/strong>: si se aburre su mente va a mil por hora. Se activa la imaginaci\u00f3n y su cabeza no para de crear. Lo importante es saber y encontrar lo que podemos llamar el aburrimiento productivo, que con unas cuantas piezas de lego te hace un castillo. Es muy diferente a que est\u00e9 aburrido o harto de algo de alguna actividad.<\/p>\n<p><strong>Se conocer\u00e1n m\u00e1s a ellos mismos<\/strong>. Son m\u00e1s reflexivos. Se dar\u00e1 cuenta de las cosas que hace mal o las que disfruta m\u00e1s.<\/p>\n<p>Una \u00faltima idea: DADLE UNAS CAJAS DE CART\u00d3N A VUESTROS HIJOS. \u00a1Har\u00e1n maravillas!<\/p>\n<p>\u00a1FAMILIAS, el aburrimiento es bueno!<\/p>\n<p>&nbsp;<\/p>\n<p>Por: <strong>Riqui Mu\u00f1oz<\/strong><\/p>\n<p><a href=\"https:\/\/www.instagram.com\/p\/CejiTPmLyfr\/?igshid=YTE5ODU0Yjk%3D\">@papaymas<\/a><\/p>\n","protected":false},"excerpt":{"rendered":"<p>Hoy a los padres de mi curso, una de las cosas de las que les voy a hablar es que en verano sus hijos deben aprender a aburrirse. Os pongo en situaci\u00f3n, en verano hac\u00e9is un plan familiar por la ma\u00f1ana, despu\u00e9s de comer hac\u00e9is&#8230;<\/p>\n","protected":false},"author":4,"featured_media":1204,"comment_status":"open","ping_status":"open","sticky":false,"template":"","format":"standard","meta":[],"categories":[66],"tags":[114,118],"yoast_head":"<!-- This site is optimized with the Yoast SEO plugin v16.4 - https:\/\/yoast.com\/wordpress\/plugins\/seo\/ -->\n<title>Pap\u00e1, mam\u00e1, estoy aburrido - Blog d&#039;educaci\u00f3<\/title>\n<meta name=\"robots\" content=\"index, follow, max-snippet:-1, max-image-preview:large, max-video-preview:-1\" \/>\n<link rel=\"canonical\" href=\"https:\/\/blog.institucio.org\/es\/2022\/06\/17\/papa-mama-estoy-aburrido\/\" \/>\n<meta property=\"og:locale\" content=\"es_ES\" \/>\n<meta property=\"og:type\" content=\"article\" \/>\n<meta property=\"og:title\" content=\"Pap\u00e1, mam\u00e1, estoy aburrido - Blog d&#039;educaci\u00f3\" \/>\n<meta property=\"og:description\" content=\"Hoy a los padres de mi curso, una de las cosas de las que les voy a hablar es que en verano sus hijos deben aprender a aburrirse. Os pongo en situaci\u00f3n, en verano hac\u00e9is un plan familiar por la ma\u00f1ana, despu\u00e9s de comer hac\u00e9is...\" \/>\n<meta property=\"og:url\" content=\"https:\/\/blog.institucio.org\/es\/2022\/06\/17\/papa-mama-estoy-aburrido\/\" \/>\n<meta property=\"og:site_name\" content=\"Blog d&#039;educaci\u00f3\" \/>\n<meta property=\"article:published_time\" content=\"2022-06-17T13:09:00+00:00\" \/>\n<meta property=\"og:image\" content=\"https:\/\/blog.institucio.org\/wp-content\/uploads\/2022\/06\/blake-meyer-V2uUAyCOru4-unsplash-scaled.jpg\" \/>\n\t<meta property=\"og:image:width\" content=\"2560\" \/>\n\t<meta property=\"og:image:height\" content=\"1707\" \/>\n<meta name=\"twitter:card\" content=\"summary_large_image\" \/>\n<meta name=\"twitter:creator\" content=\"@_institucio\" \/>\n<meta name=\"twitter:site\" content=\"@_institucio\" \/>\n<meta name=\"twitter:label1\" content=\"Tiempo de lectura\" \/>\n\t<meta name=\"twitter:data1\" content=\"2 minutos\" \/>\n<script type=\"application\/ld+json\" class=\"yoast-schema-graph\">{\"@context\":\"https:\/\/schema.org\",\"@graph\":[{\"@type\":\"WebSite\",\"@id\":\"https:\/\/blog.institucio.org\/#website\",\"url\":\"https:\/\/blog.institucio.org\/\",\"name\":\"Blog d&#039;educaci\\u00f3\",\"description\":\"Instituci\\u00f3 Familiar d&#039;Educaci\\u00f3\",\"potentialAction\":[{\"@type\":\"SearchAction\",\"target\":\"https:\/\/blog.institucio.org\/?s={search_term_string}\",\"query-input\":\"required name=search_term_string\"}],\"inLanguage\":\"es\"},{\"@type\":\"ImageObject\",\"@id\":\"https:\/\/blog.institucio.org\/es\/2022\/06\/17\/papa-mama-estoy-aburrido\/#primaryimage\",\"inLanguage\":\"es\",\"url\":\"https:\/\/blog.institucio.org\/wp-content\/uploads\/2022\/06\/blake-meyer-V2uUAyCOru4-unsplash-scaled.jpg\",\"contentUrl\":\"https:\/\/blog.institucio.org\/wp-content\/uploads\/2022\/06\/blake-meyer-V2uUAyCOru4-unsplash-scaled.jpg\",\"width\":2560,\"height\":1707,\"caption\":\"aburrirse es bueno\"},{\"@type\":\"WebPage\",\"@id\":\"https:\/\/blog.institucio.org\/es\/2022\/06\/17\/papa-mama-estoy-aburrido\/#webpage\",\"url\":\"https:\/\/blog.institucio.org\/es\/2022\/06\/17\/papa-mama-estoy-aburrido\/\",\"name\":\"Pap\\u00e1, mam\\u00e1, estoy aburrido - Blog d&#039;educaci\\u00f3\",\"isPartOf\":{\"@id\":\"https:\/\/blog.institucio.org\/#website\"},\"primaryImageOfPage\":{\"@id\":\"https:\/\/blog.institucio.org\/es\/2022\/06\/17\/papa-mama-estoy-aburrido\/#primaryimage\"},\"datePublished\":\"2022-06-17T13:09:00+00:00\",\"dateModified\":\"2022-06-17T13:09:00+00:00\",\"author\":{\"@id\":\"https:\/\/blog.institucio.org\/#\/schema\/person\/7deb48c05d34675862918068c8d28cc4\"},\"breadcrumb\":{\"@id\":\"https:\/\/blog.institucio.org\/es\/2022\/06\/17\/papa-mama-estoy-aburrido\/#breadcrumb\"},\"inLanguage\":\"es\",\"potentialAction\":[{\"@type\":\"ReadAction\",\"target\":[\"https:\/\/blog.institucio.org\/es\/2022\/06\/17\/papa-mama-estoy-aburrido\/\"]}]},{\"@type\":\"BreadcrumbList\",\"@id\":\"https:\/\/blog.institucio.org\/es\/2022\/06\/17\/papa-mama-estoy-aburrido\/#breadcrumb\",\"itemListElement\":[{\"@type\":\"ListItem\",\"position\":1,\"item\":{\"@type\":\"WebPage\",\"@id\":\"https:\/\/blog.institucio.org\/es\/\",\"url\":\"https:\/\/blog.institucio.org\/es\/\",\"name\":\"Inici\"}},{\"@type\":\"ListItem\",\"position\":2,\"item\":{\"@id\":\"https:\/\/blog.institucio.org\/es\/2022\/06\/17\/papa-mama-estoy-aburrido\/#webpage\"}}]},{\"@type\":\"Person\",\"@id\":\"https:\/\/blog.institucio.org\/#\/schema\/person\/7deb48c05d34675862918068c8d28cc4\",\"name\":\"Comunicaci\\u00f3\",\"image\":{\"@type\":\"ImageObject\",\"@id\":\"https:\/\/blog.institucio.org\/#personlogo\",\"inLanguage\":\"es\",\"url\":\"https:\/\/secure.gravatar.com\/avatar\/9d1fc191db8018e3fffc7c081a23a85d?s=96&d=mm&r=g\",\"contentUrl\":\"https:\/\/secure.gravatar.com\/avatar\/9d1fc191db8018e3fffc7c081a23a85d?s=96&d=mm&r=g\",\"caption\":\"Comunicaci\\u00f3\"},\"url\":\"https:\/\/blog.institucio.org\/es\/author\/gemma\/\"}]}<\/script>\n<!-- \/ Yoast SEO plugin. -->","_links":{"self":[{"href":"https:\/\/blog.institucio.org\/es\/wp-json\/wp\/v2\/posts\/1203"}],"collection":[{"href":"https:\/\/blog.institucio.org\/es\/wp-json\/wp\/v2\/posts"}],"about":[{"href":"https:\/\/blog.institucio.org\/es\/wp-json\/wp\/v2\/types\/post"}],"author":[{"embeddable":true,"href":"https:\/\/blog.institucio.org\/es\/wp-json\/wp\/v2\/users\/4"}],"replies":[{"embeddable":true,"href":"https:\/\/blog.institucio.org\/es\/wp-json\/wp\/v2\/comments?post=1203"}],"version-history":[{"count":1,"href":"https:\/\/blog.institucio.org\/es\/wp-json\/wp\/v2\/posts\/1203\/revisions"}],"predecessor-version":[{"id":1206,"href":"https:\/\/blog.institucio.org\/es\/wp-json\/wp\/v2\/posts\/1203\/revisions\/1206"}],"wp:featuredmedia":[{"embeddable":true,"href":"https:\/\/blog.institucio.org\/es\/wp-json\/wp\/v2\/media\/1204"}],"wp:attachment":[{"href":"https:\/\/blog.institucio.org\/es\/wp-json\/wp\/v2\/media?parent=1203"}],"wp:term":[{"taxonomy":"category","embeddable":true,"href":"https:\/\/blog.institucio.org\/es\/wp-json\/wp\/v2\/categories?post=1203"},{"taxonomy":"post_tag","embeddable":true,"href":"https:\/\/blog.institucio.org\/es\/wp-json\/wp\/v2\/tags?post=1203"}],"curies":[{"name":"wp","href":"https:\/\/api.w.org\/{rel}","templated":true}]}}