{"id":1457,"date":"2023-01-31T08:28:15","date_gmt":"2023-01-31T06:28:15","guid":{"rendered":"https:\/\/blog.institucio.org\/?p=1457"},"modified":"2023-01-31T08:29:13","modified_gmt":"2023-01-31T06:29:13","slug":"6-claves-para-que-tu-hijo-adolescente-sea-feliz","status":"publish","type":"post","link":"https:\/\/blog.institucio.org\/es\/2023\/01\/31\/6-claves-para-que-tu-hijo-adolescente-sea-feliz\/","title":{"rendered":"6 claves para que tu hijo (adolescente) sea feliz"},"content":{"rendered":"<p>&nbsp;<\/p>\n<p><strong>La adolescencia es una de las etapas que m\u00e1s retos plantea a madres y padres en la educaci\u00f3n e los hijos. \u00bfC\u00f3mo podemos acompa\u00f1arles? \u00bfC\u00f3mo ayudarles a ser felices?<\/strong><\/p>\n<p>Cuando nuestros hijos son peque\u00f1os, el apoyo, la confianza, el afecto y la seguridad que les transmitimos son clave para que se sientan bien y felices. Cuando crecen y se encuentran en las puertas de la edad adulta necesitan algo m\u00e1s que sostenga su felicidad. La adolescencia plantea grandes retos en este sentido. Como madres y padres, hay muchas cosas que podemos seguir haciendo para ayudarles a encontrar, por s\u00ed mismos, la felicidad.<\/p>\n<p>El doctor <a href=\"https:\/\/www.instagram.com\/marioalonsopuig\/?hl=es\">Mario Alonso Puig<\/a>, en una entrevista en <a href=\"https:\/\/youtu.be\/5VBQWJc_fgU\"><em>A la de TRES<\/em><\/a>, propone 6 claves para que nuestros hijos adolescentes sean felices.<\/p>\n<p><img loading=\"lazy\" class=\"alignnone size-medium wp-image-1449\" src=\"https:\/\/blog.institucio.org\/wp-content\/uploads\/2023\/01\/2-800x500-1-300x188.jpg\" alt=\"\" width=\"300\" height=\"188\" srcset=\"https:\/\/blog.institucio.org\/wp-content\/uploads\/2023\/01\/2-800x500-1-300x188.jpg 300w, https:\/\/blog.institucio.org\/wp-content\/uploads\/2023\/01\/2-800x500-1-768x480.jpg 768w, https:\/\/blog.institucio.org\/wp-content\/uploads\/2023\/01\/2-800x500-1.jpg 800w\" sizes=\"(max-width: 300px) 100vw, 300px\" \/><\/p>\n<ol>\n<li><strong>Que crean en su propio criterio e instinto<\/strong>. Las redes sociales, escaparate de la vida de otros, es el mundo paralelo en el que viven los adolescentes. Es importante que reforcemos su propio criterio y sus propias ilusiones, para que sean capaces de hacer sus exploraciones, en lugar de deslumbrarse con lo que ven, sea en las redes sociales o en su entorno. Por ello es importante que tambi\u00e9n nosotros, como madres y padres, tengamos en cuenta sus ideas y les demos espacio para expresarlas.<\/li>\n<li><strong>Que se aprecien a s\u00ed mismos por qui\u00e9nes son, no por los <em>likes<\/em> que reciben<\/strong>. Los <em>likes<\/em> en redes sociales tienen un valor, pero deben saber que \u00e9se no es <em>su<\/em> Es vital que les ayudemos a reconocerse en su propia grandeza. Que sepan qui\u00e9nes son y que se valoren por ello, no por el n\u00famero de seguidores que tienen en Instagram. Les ayudar\u00e1 que pongamos en valor su car\u00e1cter y destaquemos aquello que hacen bien.<\/li>\n<li><strong>Que se busquen en las otras personas<\/strong>. La felicidad, seg\u00fan Mario Alonso Puig, es el resultado de encontrarse en los dem\u00e1s. Si buscan solo sus anhelos, olvidar\u00e1n los de los dem\u00e1s, asegura. Y as\u00ed, nunca llegar\u00e1n a ser felices. Ser\u00e1 clave que les animemos a cuidar sus amistades, su familia, a estar disponible y a entregarse a ellos.<\/li>\n<li><strong>Que quieran mucho (y bien)<\/strong>. El secreto de la felicidad es simple, consiste en querer. Y en hacerlo de forma gratuita, incondicional, sin esperar nada a cambio. Es importante fomentar que nuestras hijas e hijos quieran mucho, a la familia, a los amigos, y que lo hagan de forma saludable, con incondicionalidad. Para ellos es crucial que ellos se sientan queridos de este modo y que se sientan implicados en el cuidado del otro.<img loading=\"lazy\" class=\"alignnone size-medium wp-image-1451\" src=\"https:\/\/blog.institucio.org\/wp-content\/uploads\/2023\/01\/3-800x500-1-300x188.jpg\" alt=\"\" width=\"300\" height=\"188\" srcset=\"https:\/\/blog.institucio.org\/wp-content\/uploads\/2023\/01\/3-800x500-1-300x188.jpg 300w, https:\/\/blog.institucio.org\/wp-content\/uploads\/2023\/01\/3-800x500-1-768x480.jpg 768w, https:\/\/blog.institucio.org\/wp-content\/uploads\/2023\/01\/3-800x500-1.jpg 800w\" sizes=\"(max-width: 300px) 100vw, 300px\" \/><\/li>\n<li><strong>Que generen pensamientos propios<\/strong>. En la adolescencia se pueden generar muchos pensamientos negativos hacia uno mismo. Es una de los momentos m\u00e1s proclives a desarrollar sentimientos de inseguridad, insatisfacci\u00f3n, pueden aparecer algunos complejos y muchos j\u00f3venes pueden terminar infravalor\u00e1ndose. Es \u00fatil enfocarse en otros pensamientos, llenarse de otras cosas que aporten calma y seguridad. En esto puede ayudarles, por ejemplo, que demos valor y espacio a talentos o habilidades que tengan (creativas, deportivas, etc.) o que les ayudemos a encontrar referentes positivos.<\/li>\n<li><strong>Que busquen valores compartidos<\/strong>. En la etapa de la adolescencia, los amigos y el entorno suben de nivel en la lista de prioridades de chicas y chicos. Es importante que el grupo de amigos con los que disfrutar\u00e1 de los buenos momentos y en los que buscar\u00e1 apoyo en los malos tengan los mismos valores. En caso contrario, en los momentos complicados la relaci\u00f3n podr\u00eda romperse y nuestra hija o hijo podr\u00eda no encontrar esta red de apoyo si la necesita.<\/li>\n<\/ol>\n<p>En todo esto podemos ayudar a nuestras hijas e hijos adolescentes. En primer lugar, con nuestro ejemplo. En segundo, estando siempre abiertos a escucharles y hablar de lo que quieran.<\/p>\n<p><img loading=\"lazy\" class=\"alignnone size-medium wp-image-1455\" src=\"https:\/\/blog.institucio.org\/wp-content\/uploads\/2023\/01\/google2-800x500-1-300x188.jpg\" alt=\"\" width=\"300\" height=\"188\" srcset=\"https:\/\/blog.institucio.org\/wp-content\/uploads\/2023\/01\/google2-800x500-1-300x188.jpg 300w, https:\/\/blog.institucio.org\/wp-content\/uploads\/2023\/01\/google2-800x500-1-768x480.jpg 768w, https:\/\/blog.institucio.org\/wp-content\/uploads\/2023\/01\/google2-800x500-1.jpg 800w\" sizes=\"(max-width: 300px) 100vw, 300px\" \/><\/p>\n<p>Si quer\u00e9is profundizar en estas ideas, escuchad <a href=\"https:\/\/youtu.be\/5VBQWJc_fgU\">esta interesant\u00edsima entrevista<\/a> que <a href=\"https:\/\/www.linkedin.com\/in\/luisgraciamolins?miniProfileUrn=urn%3Ali%3Afs_miniProfile%3AACoAAC6H7m4BVwjP_lMIJnGK0f8INr3O1_Kw-RU&amp;lipi=urn%3Ali%3Apage%3Ad_flagship3_search_srp_all%3BYOIqyRdNTra2PiVBBXwYmg%3D%3D\">Llu\u00eds Gr\u00e0cia<\/a> y <a href=\"https:\/\/www.linkedin.com\/in\/pablo-c-a3453617a\/?lipi=urn%3Ali%3Apage%3Ad_flagship3_feed%3BUd1wb0hjTvqiFVkr6%2FuF3w%3D%3D\">Pablo Canela<\/a> de <a href=\"https:\/\/www.youtube.com\/@aladetres_\"><em>A la de TRES<\/em><\/a> hicieron al doctor Mario Alonso Puig.<\/p>\n<p>&nbsp;<\/p>\n<p>&nbsp;<\/p>\n<p>&nbsp;<\/p>\n","protected":false},"excerpt":{"rendered":"<p>&nbsp; La adolescencia es una de las etapas que m\u00e1s retos plantea a madres y padres en la educaci\u00f3n e los hijos. \u00bfC\u00f3mo podemos acompa\u00f1arles? \u00bfC\u00f3mo ayudarles a ser felices? Cuando nuestros hijos son peque\u00f1os, el apoyo, la confianza, el afecto y la seguridad que&#8230;<\/p>\n","protected":false},"author":5,"featured_media":1453,"comment_status":"open","ping_status":"open","sticky":false,"template":"","format":"standard","meta":[],"categories":[52],"tags":[131,175,249,248],"yoast_head":"<!-- This site is optimized with the Yoast SEO plugin v16.4 - https:\/\/yoast.com\/wordpress\/plugins\/seo\/ -->\n<title>6 claves para que tu hijo (adolescente) sea feliz - Blog d&#039;educaci\u00f3<\/title>\n<meta name=\"description\" content=\"La adolescencia es una de las etapas que m\u00e1s retos plantea a madres y padres en la educaci\u00f3n e los hijos. \u00bfC\u00f3mo ayudarles a ser felices?\" \/>\n<meta name=\"robots\" content=\"index, follow, max-snippet:-1, max-image-preview:large, max-video-preview:-1\" \/>\n<link rel=\"canonical\" href=\"https:\/\/blog.institucio.org\/es\/2023\/01\/31\/6-claves-para-que-tu-hijo-adolescente-sea-feliz\/\" \/>\n<meta property=\"og:locale\" content=\"es_ES\" \/>\n<meta property=\"og:type\" content=\"article\" \/>\n<meta property=\"og:title\" content=\"6 claves para que tu hijo (adolescente) sea feliz - Blog d&#039;educaci\u00f3\" \/>\n<meta property=\"og:description\" content=\"La adolescencia es una de las etapas que m\u00e1s retos plantea a madres y padres en la educaci\u00f3n e los hijos. \u00bfC\u00f3mo ayudarles a ser felices?\" \/>\n<meta property=\"og:url\" content=\"https:\/\/blog.institucio.org\/es\/2023\/01\/31\/6-claves-para-que-tu-hijo-adolescente-sea-feliz\/\" \/>\n<meta property=\"og:site_name\" content=\"Blog d&#039;educaci\u00f3\" \/>\n<meta property=\"article:published_time\" content=\"2023-01-31T06:28:15+00:00\" \/>\n<meta property=\"article:modified_time\" content=\"2023-01-31T06:29:13+00:00\" \/>\n<meta property=\"og:image\" content=\"https:\/\/blog.institucio.org\/wp-content\/uploads\/2023\/01\/1800x500.jpg\" \/>\n\t<meta property=\"og:image:width\" content=\"800\" \/>\n\t<meta property=\"og:image:height\" content=\"500\" \/>\n<meta name=\"twitter:card\" content=\"summary_large_image\" \/>\n<meta name=\"twitter:creator\" content=\"@_institucio\" \/>\n<meta name=\"twitter:site\" content=\"@_institucio\" \/>\n<meta name=\"twitter:label1\" content=\"Tiempo de lectura\" \/>\n\t<meta name=\"twitter:data1\" content=\"4 minutos\" \/>\n<script type=\"application\/ld+json\" class=\"yoast-schema-graph\">{\"@context\":\"https:\/\/schema.org\",\"@graph\":[{\"@type\":\"WebSite\",\"@id\":\"https:\/\/blog.institucio.org\/#website\",\"url\":\"https:\/\/blog.institucio.org\/\",\"name\":\"Blog d&#039;educaci\\u00f3\",\"description\":\"Instituci\\u00f3 Familiar d&#039;Educaci\\u00f3\",\"potentialAction\":[{\"@type\":\"SearchAction\",\"target\":\"https:\/\/blog.institucio.org\/?s={search_term_string}\",\"query-input\":\"required name=search_term_string\"}],\"inLanguage\":\"es\"},{\"@type\":\"ImageObject\",\"@id\":\"https:\/\/blog.institucio.org\/es\/2023\/01\/31\/6-claves-para-que-tu-hijo-adolescente-sea-feliz\/#primaryimage\",\"inLanguage\":\"es\",\"url\":\"https:\/\/blog.institucio.org\/wp-content\/uploads\/2023\/01\/1800x500.jpg\",\"contentUrl\":\"https:\/\/blog.institucio.org\/wp-content\/uploads\/2023\/01\/1800x500.jpg\",\"width\":800,\"height\":500},{\"@type\":\"WebPage\",\"@id\":\"https:\/\/blog.institucio.org\/es\/2023\/01\/31\/6-claves-para-que-tu-hijo-adolescente-sea-feliz\/#webpage\",\"url\":\"https:\/\/blog.institucio.org\/es\/2023\/01\/31\/6-claves-para-que-tu-hijo-adolescente-sea-feliz\/\",\"name\":\"6 claves para que tu hijo (adolescente) sea feliz - Blog d&#039;educaci\\u00f3\",\"isPartOf\":{\"@id\":\"https:\/\/blog.institucio.org\/#website\"},\"primaryImageOfPage\":{\"@id\":\"https:\/\/blog.institucio.org\/es\/2023\/01\/31\/6-claves-para-que-tu-hijo-adolescente-sea-feliz\/#primaryimage\"},\"datePublished\":\"2023-01-31T06:28:15+00:00\",\"dateModified\":\"2023-01-31T06:29:13+00:00\",\"author\":{\"@id\":\"https:\/\/blog.institucio.org\/#\/schema\/person\/13a1c0722c08492e1f107fa5ceb4d430\"},\"description\":\"La adolescencia es una de las etapas que m\\u00e1s retos plantea a madres y padres en la educaci\\u00f3n e los hijos. \\u00bfC\\u00f3mo ayudarles a ser felices?\",\"breadcrumb\":{\"@id\":\"https:\/\/blog.institucio.org\/es\/2023\/01\/31\/6-claves-para-que-tu-hijo-adolescente-sea-feliz\/#breadcrumb\"},\"inLanguage\":\"es\",\"potentialAction\":[{\"@type\":\"ReadAction\",\"target\":[\"https:\/\/blog.institucio.org\/es\/2023\/01\/31\/6-claves-para-que-tu-hijo-adolescente-sea-feliz\/\"]}]},{\"@type\":\"BreadcrumbList\",\"@id\":\"https:\/\/blog.institucio.org\/es\/2023\/01\/31\/6-claves-para-que-tu-hijo-adolescente-sea-feliz\/#breadcrumb\",\"itemListElement\":[{\"@type\":\"ListItem\",\"position\":1,\"item\":{\"@type\":\"WebPage\",\"@id\":\"https:\/\/blog.institucio.org\/es\/\",\"url\":\"https:\/\/blog.institucio.org\/es\/\",\"name\":\"Inici\"}},{\"@type\":\"ListItem\",\"position\":2,\"item\":{\"@id\":\"https:\/\/blog.institucio.org\/es\/2023\/01\/31\/6-claves-para-que-tu-hijo-adolescente-sea-feliz\/#webpage\"}}]},{\"@type\":\"Person\",\"@id\":\"https:\/\/blog.institucio.org\/#\/schema\/person\/13a1c0722c08492e1f107fa5ceb4d430\",\"name\":\"Comunicaci\\u00f3\",\"image\":{\"@type\":\"ImageObject\",\"@id\":\"https:\/\/blog.institucio.org\/#personlogo\",\"inLanguage\":\"es\",\"url\":\"https:\/\/secure.gravatar.com\/avatar\/d3cebf93f2248b62256e490eaae2ec38?s=96&d=mm&r=g\",\"contentUrl\":\"https:\/\/secure.gravatar.com\/avatar\/d3cebf93f2248b62256e490eaae2ec38?s=96&d=mm&r=g\",\"caption\":\"Comunicaci\\u00f3\"},\"url\":\"https:\/\/blog.institucio.org\/es\/author\/comunicacio\/\"}]}<\/script>\n<!-- \/ Yoast SEO plugin. -->","_links":{"self":[{"href":"https:\/\/blog.institucio.org\/es\/wp-json\/wp\/v2\/posts\/1457"}],"collection":[{"href":"https:\/\/blog.institucio.org\/es\/wp-json\/wp\/v2\/posts"}],"about":[{"href":"https:\/\/blog.institucio.org\/es\/wp-json\/wp\/v2\/types\/post"}],"author":[{"embeddable":true,"href":"https:\/\/blog.institucio.org\/es\/wp-json\/wp\/v2\/users\/5"}],"replies":[{"embeddable":true,"href":"https:\/\/blog.institucio.org\/es\/wp-json\/wp\/v2\/comments?post=1457"}],"version-history":[{"count":4,"href":"https:\/\/blog.institucio.org\/es\/wp-json\/wp\/v2\/posts\/1457\/revisions"}],"predecessor-version":[{"id":1461,"href":"https:\/\/blog.institucio.org\/es\/wp-json\/wp\/v2\/posts\/1457\/revisions\/1461"}],"wp:featuredmedia":[{"embeddable":true,"href":"https:\/\/blog.institucio.org\/es\/wp-json\/wp\/v2\/media\/1453"}],"wp:attachment":[{"href":"https:\/\/blog.institucio.org\/es\/wp-json\/wp\/v2\/media?parent=1457"}],"wp:term":[{"taxonomy":"category","embeddable":true,"href":"https:\/\/blog.institucio.org\/es\/wp-json\/wp\/v2\/categories?post=1457"},{"taxonomy":"post_tag","embeddable":true,"href":"https:\/\/blog.institucio.org\/es\/wp-json\/wp\/v2\/tags?post=1457"}],"curies":[{"name":"wp","href":"https:\/\/api.w.org\/{rel}","templated":true}]}}