{"id":1517,"date":"2023-05-02T14:35:10","date_gmt":"2023-05-02T12:35:10","guid":{"rendered":"https:\/\/blog.institucio.org\/?p=1517"},"modified":"2023-05-10T10:51:54","modified_gmt":"2023-05-10T08:51:54","slug":"escola-i-familia-contra-lassetjament-escolar","status":"publish","type":"post","link":"https:\/\/blog.institucio.org\/es\/2023\/05\/02\/escola-i-familia-contra-lassetjament-escolar\/","title":{"rendered":"Colegio y familia, contra el acoso escolar"},"content":{"rendered":"<p><strong>Miles de chicos y chicas sufren d\u00eda tras d\u00eda acoso por parte de sus compa\u00f1eros y compa\u00f1eras de colegio. Una violencia a menudo silenciosa dif\u00edcil de combatir. Por ello es importante que tanto la familia como el colegio se preocupen por prevenirla, detectarla y actuar en contra. Elegir un colegio que fomente el respeto entre compa\u00f1eros y que sea implacable ante casos de <em>bullying<\/em> est\u00e1 en nuestras manos. Tambi\u00e9n, educar a nuestros hijos e hijas para que no ejerzan ni permitan nunca ninguna violencia hacia un compa\u00f1ero o compa\u00f1era.<\/strong><\/p>\n<p>Como madres y padres nos preocupa que nuestros hijos o hijas sean acosados, como tambi\u00e9n que puedan acosar a otro. Sin embargo, estos son solo dos de los cuatro roles que chicos y chicas pueden adoptar en un caso de <em>bullying<\/em>: el <strong>acosador<\/strong> o quien ejerce la violencia; el <strong>acosado<\/strong> o el que la sufre; los <strong>espectadores<\/strong> o c\u00f3mplices, que la presencian y no hacen nada para evitarla; o <strong>los que dan un paso al frente<\/strong> y la denuncian.<\/p>\n<p>Es importante que el colegio que elegimos para nuestros hijos e hijas tenga como prioridad velar por el bienestar de todos y cada uno de sus alumnos. El acoso es un tipo de violencia muy presente en el entorno escolar, no podemos esquivarlo, pero s\u00ed podemos confiar en que el centro educativo donde est\u00e1n nuestros hijos e hijas fomentar\u00e1 la buena convivencia entre el alumnado y ser\u00e1 implacable si se detecta cualquier tipo de violencia.<\/p>\n<p>Adem\u00e1s de disponer de un <a href=\"https:\/\/xtec.gencat.cat\/ca\/centres\/projeducatiu\/convivencia\/protocols\/assetjament-ciberassetjament-entre-iguals\/index.html\">protocolo activado por el departamento d\u2019Educaci\u00f3 de la Generalitat<\/a> i aplicarlo cuando se detecten casos de acoso escolar, <strong>es importante que el colegio<\/strong>:<\/p>\n<ul>\n<li><strong>Fomente el sentimiento de grupo y pertenencia en el aula<\/strong>. Es fundamental que el alumnado de una misma clase establezca v\u00ednculos afectivos saludables para que todas y todos se sientan parte importante del grupo.<\/li>\n<li><strong>Fomente la empat\u00eda y el respeto<\/strong>. Los chicos y las chicas deben disponer de recursos que les ayuden a ser acogedores con cada compa\u00f1ero o compa\u00f1era, sea como sea. A entender c\u00f3mo es y c\u00f3mo se comporta y a respetarlo en todos los casos.<\/li>\n<li><strong>Ofrezca espacios y momentos individuales de di\u00e1logo y confianza<\/strong>. Las tutor\u00edas individuales peri\u00f3dicas con un tutor o tutora que le conoce y le escucha favorecen que el ni\u00f1o o la ni\u00f1a se sienta confiado de compartir lo que le preocupa.<\/li>\n<\/ul>\n<p><img loading=\"lazy\" class=\"alignnone size-medium wp-image-1510\" src=\"https:\/\/blog.institucio.org\/wp-content\/uploads\/2023\/05\/tutoria-2-800-x-500-300x188.jpg\" alt=\"\" width=\"300\" height=\"188\" srcset=\"https:\/\/blog.institucio.org\/wp-content\/uploads\/2023\/05\/tutoria-2-800-x-500-300x188.jpg 300w, https:\/\/blog.institucio.org\/wp-content\/uploads\/2023\/05\/tutoria-2-800-x-500-768x480.jpg 768w, https:\/\/blog.institucio.org\/wp-content\/uploads\/2023\/05\/tutoria-2-800-x-500.jpg 800w\" sizes=\"(max-width: 300px) 100vw, 300px\" \/><\/p>\n<p>Hay formas de acoso escolar que trascienden las instalaciones del centro educativo, como el <em>ciberbullying<\/em>, una de las violencias m\u00e1s invisibles. Por ello, tambi\u00e9n fuera del colegio, hay que trabajar para combatirla. <strong>La familia, agente principal de la educaci\u00f3n de chicos y chicas, puede<\/strong>:<\/p>\n<ul>\n<li><strong>Fomentar la empat\u00eda y el respeto<\/strong>. Educar a nuestros hijos e hijas en el respeto har\u00e1, no solo que respeten a los otros, sino tambi\u00e9n que sean capaces de identificar cuando este respeto se est\u00e1 vulnerando. Es importante que tengan ojo cr\u00edtico para detectar actuaciones inadecuadas en otros.<\/li>\n<li><strong>Generar momentos de comunicaci\u00f3n<\/strong>. Nuestros hijos e hijas deber\u00edan poder hablar de cualquier cosa en casa. Por eso, es clave que sepan que pueden decirlo todo, sin que nos escandalicemos ni enfademos. Tambi\u00e9n lo es que exista el momento adecuado para hablar. Las comidas en familia, sin dispositivos electr\u00f3nicos que centren la atenci\u00f3n (televisi\u00f3n, tel\u00e9fono m\u00f3vil, etc.) o incluso los trayectos en coche de cas al colegio sin distracciones. Sea como sea, lo verdaderamente importante es que nuestros hijos e hijas tengan a diario momentos tranquilos para hablar con nosotros de lo que quieran o necesiten.<\/li>\n<li><strong>Validar y dar importancia a lo que piensan o sienten nuestros hijos<\/strong>. Hay muchos tipos de acoso escolar. La violencia no siempre es f\u00edsica. Tambi\u00e9n la hay psicol\u00f3gica o social. Menospreciar, aislar, discriminar o hacer correr rumores sobre alguien son tambi\u00e9n formas de agredirle. Escuchemos a nuestros hijos si nos hablan de estas conductas. No menospreciemos su sufrimiento, aunque, en alguna ocasi\u00f3n, pueda parecernos exagerado. Si le duele, no es exagerado. Que en el colegio \u201csiempre hayan pasado estas cosas\u201d, como se suele decir, no significa que sean aceptables ni que deban seguir pasando.<\/li>\n<li><strong>Asegurarnos de que dan un buen uso a las redes sociales y sus dispositivos m\u00f3viles<\/strong>. El <em>ciberbullying<\/em> es uno de los tipos de acoso que m\u00e1s sufrimiento genera en la v\u00edctima, ya que la agresi\u00f3n trasciende al horario y espacio escolares. Puede ocurrir en cualquier lugar y en cualquier momento, y esto hace que desaparezcan los espacios de protecci\u00f3n y seguridad. Es muy importante que ayudemos a nuestros hijos e hijas a dar un buen uso a sus perfiles en redes sociales y a sus dispositivos m\u00f3viles. Deben saber detectar lo que no est\u00e1 bien y frenarlo. Hablar abiertamente del tema con ellos puede ayudarles.<\/li>\n<\/ul>\n<div class=\"arve\" data-mode=\"normal\" data-provider=\"html5\" id=\"arve-html5-69f2ac1dcbc38746888260\" style=\"max-width:900px;\" itemscope itemtype=\"http:\/\/schema.org\/VideoObject\">\n<span class=\"arve-inner\">\n<span class=\"arve-embed\">\n<meta itemprop=\"contentURL\" content=\"https:\/\/blog.institucio.org\/wp-content\/uploads\/2023\/05\/Erste-Christmas-Ad-2018_-What-would-Christmas-be-without-love.mp4\">\n<video controls controlslist preload=\"metadata\" data-arve=\"arve-html5-69f2ac1dcbc38746888260\" class=\"arve-video fitvidsignore\">\n<source type=\"video\/mp4\" src=\"https:\/\/blog.institucio.org\/wp-content\/uploads\/2023\/05\/Erste-Christmas-Ad-2018_-What-would-Christmas-be-without-love.mp4\">\n<\/video>\n\n<\/span>\n\n<\/span>\n\n<\/div>\n\n<p>No olvidemos que el acoso escolar es un maltrato entre iguales que nace en el entorno escolar per que puede ir mucho m\u00e1s all\u00e1. Y que puede dejar una huella profunda en nuestros hijos e hijas y en sus compa\u00f1eros y compa\u00f1eras, sea cual sea el rol que adopten en el ejercicio de esta violencia. Colegio y familia deben esforzarse en ayudar a ni\u00f1os y ni\u00f1as, chicos y chicas, a crear relaciones saludables. Caminar de la mano en este sentido nos llevar\u00e1 a hacer de las escuelas sitios seguros, un objetivo compartido por todos los agentes educadores de nuestros hijos e hijas.<\/p>\n<p>&nbsp;<\/p>\n<p>Te pueden interesar otros art\u00edculos del blog relacionados con este tema:<\/p>\n<p><a href=\"https:\/\/blog.institucio.org\/es\/2022\/03\/07\/educar-en-el-uso-de-pantallas-digitales\/\">Educar en el uso de las pantallas digitales<\/a><\/p>\n<p><a href=\"https:\/\/blog.institucio.org\/es\/2022\/12\/14\/como-ayudar-a-tus-hijos-a-ser-buenos-amigos\/\">C\u00f3mo ayudar a tus hijos a ser y hacer buenos amigos<\/a><\/p>\n<p>&nbsp;<\/p>\n","protected":false},"excerpt":{"rendered":"<p>Miles de chicos y chicas sufren d\u00eda tras d\u00eda acoso por parte de sus compa\u00f1eros y compa\u00f1eras de colegio. Una violencia a menudo silenciosa dif\u00edcil de combatir. Por ello es importante que tanto la familia como el colegio se preocupen por prevenirla, detectarla y actuar&#8230;<\/p>\n","protected":false},"author":5,"featured_media":1536,"comment_status":"open","ping_status":"open","sticky":false,"template":"","format":"standard","meta":[],"categories":[66,65,62,64],"tags":[222,234],"yoast_head":"<!-- This site is optimized with the Yoast SEO plugin v16.4 - https:\/\/yoast.com\/wordpress\/plugins\/seo\/ -->\n<title>Colegio y familia, contra el acoso escolar - Blog d&#039;educaci\u00f3<\/title>\n<meta name=\"description\" content=\"Chicos y chicas sufren acoso escolar. \u00bfQu\u00e9 pueden hacer familia y colegio para prevenirlo, detectarlo y actuar?\" \/>\n<meta name=\"robots\" content=\"index, follow, max-snippet:-1, max-image-preview:large, max-video-preview:-1\" \/>\n<link rel=\"canonical\" href=\"https:\/\/blog.institucio.org\/es\/2023\/05\/02\/escola-i-familia-contra-lassetjament-escolar\/\" \/>\n<meta property=\"og:locale\" content=\"es_ES\" \/>\n<meta property=\"og:type\" content=\"article\" \/>\n<meta property=\"og:title\" content=\"Colegio y familia, contra el acoso escolar - Blog d&#039;educaci\u00f3\" \/>\n<meta property=\"og:description\" content=\"Chicos y chicas sufren acoso escolar. \u00bfQu\u00e9 pueden hacer familia y colegio para prevenirlo, detectarlo y actuar?\" \/>\n<meta property=\"og:url\" content=\"https:\/\/blog.institucio.org\/es\/2023\/05\/02\/escola-i-familia-contra-lassetjament-escolar\/\" \/>\n<meta property=\"og:site_name\" content=\"Blog d&#039;educaci\u00f3\" \/>\n<meta property=\"article:published_time\" content=\"2023-05-02T12:35:10+00:00\" \/>\n<meta property=\"article:modified_time\" content=\"2023-05-10T08:51:54+00:00\" \/>\n<meta property=\"og:image\" content=\"https:\/\/blog.institucio.org\/wp-content\/uploads\/2023\/05\/bullying-800x500-3.jpg\" \/>\n\t<meta property=\"og:image:width\" content=\"800\" \/>\n\t<meta property=\"og:image:height\" content=\"500\" \/>\n<meta name=\"twitter:card\" content=\"summary_large_image\" \/>\n<meta name=\"twitter:creator\" content=\"@_institucio\" \/>\n<meta name=\"twitter:site\" content=\"@_institucio\" \/>\n<meta name=\"twitter:label1\" content=\"Tiempo de lectura\" \/>\n\t<meta name=\"twitter:data1\" content=\"5 minutos\" \/>\n<script type=\"application\/ld+json\" class=\"yoast-schema-graph\">{\"@context\":\"https:\/\/schema.org\",\"@graph\":[{\"@type\":\"WebSite\",\"@id\":\"https:\/\/blog.institucio.org\/#website\",\"url\":\"https:\/\/blog.institucio.org\/\",\"name\":\"Blog d&#039;educaci\\u00f3\",\"description\":\"Instituci\\u00f3 Familiar d&#039;Educaci\\u00f3\",\"potentialAction\":[{\"@type\":\"SearchAction\",\"target\":\"https:\/\/blog.institucio.org\/?s={search_term_string}\",\"query-input\":\"required name=search_term_string\"}],\"inLanguage\":\"es\"},{\"@type\":\"ImageObject\",\"@id\":\"https:\/\/blog.institucio.org\/es\/2023\/05\/02\/escola-i-familia-contra-lassetjament-escolar\/#primaryimage\",\"inLanguage\":\"es\",\"url\":\"https:\/\/blog.institucio.org\/wp-content\/uploads\/2023\/05\/bullying-800x500-3.jpg\",\"contentUrl\":\"https:\/\/blog.institucio.org\/wp-content\/uploads\/2023\/05\/bullying-800x500-3.jpg\",\"width\":800,\"height\":500},{\"@type\":\"WebPage\",\"@id\":\"https:\/\/blog.institucio.org\/es\/2023\/05\/02\/escola-i-familia-contra-lassetjament-escolar\/#webpage\",\"url\":\"https:\/\/blog.institucio.org\/es\/2023\/05\/02\/escola-i-familia-contra-lassetjament-escolar\/\",\"name\":\"Colegio y familia, contra el acoso escolar - Blog d&#039;educaci\\u00f3\",\"isPartOf\":{\"@id\":\"https:\/\/blog.institucio.org\/#website\"},\"primaryImageOfPage\":{\"@id\":\"https:\/\/blog.institucio.org\/es\/2023\/05\/02\/escola-i-familia-contra-lassetjament-escolar\/#primaryimage\"},\"datePublished\":\"2023-05-02T12:35:10+00:00\",\"dateModified\":\"2023-05-10T08:51:54+00:00\",\"author\":{\"@id\":\"https:\/\/blog.institucio.org\/#\/schema\/person\/13a1c0722c08492e1f107fa5ceb4d430\"},\"description\":\"Chicos y chicas sufren acoso escolar. \\u00bfQu\\u00e9 pueden hacer familia y colegio para prevenirlo, detectarlo y actuar?\",\"breadcrumb\":{\"@id\":\"https:\/\/blog.institucio.org\/es\/2023\/05\/02\/escola-i-familia-contra-lassetjament-escolar\/#breadcrumb\"},\"inLanguage\":\"es\",\"potentialAction\":[{\"@type\":\"ReadAction\",\"target\":[\"https:\/\/blog.institucio.org\/es\/2023\/05\/02\/escola-i-familia-contra-lassetjament-escolar\/\"]}]},{\"@type\":\"BreadcrumbList\",\"@id\":\"https:\/\/blog.institucio.org\/es\/2023\/05\/02\/escola-i-familia-contra-lassetjament-escolar\/#breadcrumb\",\"itemListElement\":[{\"@type\":\"ListItem\",\"position\":1,\"item\":{\"@type\":\"WebPage\",\"@id\":\"https:\/\/blog.institucio.org\/es\/\",\"url\":\"https:\/\/blog.institucio.org\/es\/\",\"name\":\"Inici\"}},{\"@type\":\"ListItem\",\"position\":2,\"item\":{\"@id\":\"https:\/\/blog.institucio.org\/es\/2023\/05\/02\/escola-i-familia-contra-lassetjament-escolar\/#webpage\"}}]},{\"@type\":\"Person\",\"@id\":\"https:\/\/blog.institucio.org\/#\/schema\/person\/13a1c0722c08492e1f107fa5ceb4d430\",\"name\":\"Comunicaci\\u00f3\",\"image\":{\"@type\":\"ImageObject\",\"@id\":\"https:\/\/blog.institucio.org\/#personlogo\",\"inLanguage\":\"es\",\"url\":\"https:\/\/secure.gravatar.com\/avatar\/d3cebf93f2248b62256e490eaae2ec38?s=96&d=mm&r=g\",\"contentUrl\":\"https:\/\/secure.gravatar.com\/avatar\/d3cebf93f2248b62256e490eaae2ec38?s=96&d=mm&r=g\",\"caption\":\"Comunicaci\\u00f3\"},\"url\":\"https:\/\/blog.institucio.org\/es\/author\/comunicacio\/\"}]}<\/script>\n<!-- \/ Yoast SEO plugin. -->","_links":{"self":[{"href":"https:\/\/blog.institucio.org\/es\/wp-json\/wp\/v2\/posts\/1517"}],"collection":[{"href":"https:\/\/blog.institucio.org\/es\/wp-json\/wp\/v2\/posts"}],"about":[{"href":"https:\/\/blog.institucio.org\/es\/wp-json\/wp\/v2\/types\/post"}],"author":[{"embeddable":true,"href":"https:\/\/blog.institucio.org\/es\/wp-json\/wp\/v2\/users\/5"}],"replies":[{"embeddable":true,"href":"https:\/\/blog.institucio.org\/es\/wp-json\/wp\/v2\/comments?post=1517"}],"version-history":[{"count":2,"href":"https:\/\/blog.institucio.org\/es\/wp-json\/wp\/v2\/posts\/1517\/revisions"}],"predecessor-version":[{"id":1520,"href":"https:\/\/blog.institucio.org\/es\/wp-json\/wp\/v2\/posts\/1517\/revisions\/1520"}],"wp:featuredmedia":[{"embeddable":true,"href":"https:\/\/blog.institucio.org\/es\/wp-json\/wp\/v2\/media\/1536"}],"wp:attachment":[{"href":"https:\/\/blog.institucio.org\/es\/wp-json\/wp\/v2\/media?parent=1517"}],"wp:term":[{"taxonomy":"category","embeddable":true,"href":"https:\/\/blog.institucio.org\/es\/wp-json\/wp\/v2\/categories?post=1517"},{"taxonomy":"post_tag","embeddable":true,"href":"https:\/\/blog.institucio.org\/es\/wp-json\/wp\/v2\/tags?post=1517"}],"curies":[{"name":"wp","href":"https:\/\/api.w.org\/{rel}","templated":true}]}}