{"id":582,"date":"2021-11-22T13:16:50","date_gmt":"2021-11-22T11:16:50","guid":{"rendered":"https:\/\/blog.institucio.org\/?p=582"},"modified":"2021-11-23T12:19:42","modified_gmt":"2021-11-23T10:19:42","slug":"5-beneficios-de-la-musica-para-los-ninos","status":"publish","type":"post","link":"https:\/\/blog.institucio.org\/es\/2021\/11\/22\/5-beneficios-de-la-musica-para-los-ninos\/","title":{"rendered":"5 beneficios de la m\u00fasica para los ni\u00f1os"},"content":{"rendered":"<p>La educaci\u00f3n musical juega un papel fundamental en la formaci\u00f3n integral de los ni\u00f1os: ampl\u00eda su capacidad de percepci\u00f3n auditiva, favorece la expresi\u00f3n de sentimientos y emociones, estimula la creatividad, los ayuda a disfrutar del entorno sonoro y de la cultura musical, y es tambi\u00e9n una herramienta para trabajar el conocimiento y dominio corporal. \u00abIncluso puede ser un instrumento para mejorar la timidez o la capacidad de concentraci\u00f3n y relajaci\u00f3n\u00bb, reivindican desde <a href=\"https:\/\/lafargainfantil.institucio.org\/es\/\"><strong>La Farga Infantil<\/strong><\/a>. Lo resumimos en 5 beneficios:<\/p>\n<ol>\n<li><strong>Trabaja la sensibilidad<\/strong>: la expresi\u00f3n de sentimientos y emociones.<\/li>\n<li><strong>Estimula la creatividad<\/strong>: aunque no est\u00e1 demostrado cient\u00edficamente, el cambio que provoca la m\u00fasica en el estado de \u00e1nimo de los m\u00e1s peque\u00f1os suele ir acompa\u00f1ado de una expresividad que fomenta su capacidad art\u00edstica o creativa.<\/li>\n<li><strong>Favorece la cultura sonora<\/strong>: les ayuda a disfrutar del entorno sonoro y de la cultura musical.<\/li>\n<li><strong>Fomenta la expresi\u00f3n corporal<\/strong>: es una buena herramienta para trabajar el conocimiento y dominio corporal.<\/li>\n<li><strong>Fomenta el aprendizaje ling\u00fc\u00edstico<\/strong>: La m\u00fasica estimula y acelera la alfabetizaci\u00f3n. En este punto las canciones infantiles juegan un factor clave gracias al ritmo y la repetici\u00f3n de s\u00edlabas y palabras una y otra vez.<\/li>\n<\/ol>\n<p>La Farga Infantil defiende que la base fundamental de la educaci\u00f3n musical son la audici\u00f3n, el canto, el ritmo, la expresi\u00f3n corporal, la creaci\u00f3n, la apreciaci\u00f3n musical y tocar instrumentos musicales. Y destacan que entienden esta educaci\u00f3n como aspecto importante para todas las criaturas, \u00abno solo para aquellos que parecen tener una predisposici\u00f3n natural\u00bb. Es decir, que<strong> todo el mundo puede mejorar sus capacidades musicales, \u00abespecialmente de los 0 a los 5 a\u00f1os\u00bb<\/strong>. Por eso, resulta importante, tanto en el colegio como en casa, prever momentos de escucha musical, hacer juegos, cantar con los ni\u00f1os, jugar a improvisar melod\u00edas y todo tipo de actividades que impliquen la m\u00fasica y su estimulaci\u00f3n.<\/p>\n<h2><\/h2>\n<h2>\u00bfC\u00f3mo se trabaja la m\u00fasica en el colegio?<\/h2>\n<h3>M\u00fasica y rutinas<\/h3>\n<p>La actividad musical en el centro est\u00e1 presente a lo largo de todo el d\u00eda a trav\u00e9s de <strong>canciones en el aula que acompa\u00f1an sus rutinas diarias<\/strong> como recoger, cambiar de tarea, salir al patio o hacer juegos con los m\u00e1s peque\u00f1os. \u00abSon rimas y ritmos que mejoran su conciencia fonol\u00f3gica\u00bb, explican. De este modo la m\u00fasica se vive como una experiencia total, y no como un contenido adscrito \u00fanicamente en asignatura de m\u00fasica.<\/p>\n<h3>Audiciones<\/h3>\n<p>En cuanto a las audiciones, se hacen dos diarias, por la ma\u00f1ana y por la tarde, que siguen una programaci\u00f3n establecida y que <strong>ayudan a empezar la franja de la ma\u00f1ana o la tarde \u00abcon concentraci\u00f3n y una actitud relajada\u00bb<\/strong>. La m\u00fasica tambi\u00e9n est\u00e1 muy presente en las fiestas populares que celebran. As\u00ed, por ejemplo, celebraciones como la Casta\u00f1ada, Santa Cec\u00edlia, Navidad y San Jorge tienen un repertorio b\u00e1sico que ayuda la comunidad escolar a mantener sus tradiciones y a introducir otros.<\/p>\n<h3>Sonoridad consciente<\/h3>\n<p>Otra manera destacada de trabajar la educaci\u00f3n musical, no menos importante, es <strong>abrirse \u00abde manera consciente\u00bb a la realidad sonora que rodea la escuela<\/strong>. En este sentido, detallan que se fijan especialmente en los sonidos de la escuela, de la calle y de la naturaleza. Esta sonoridad consciente no consiste en practicar una \u00abescucha atenta\u00bb que busca ayudar a los alumnos a respetar y a la vez disfrutar del entorno sonoro.<\/p>\n<h3>Din\u00e1micas expresivas<\/h3>\n<p>La estrella del aprendizaje musical en el centro es lo m\u00f3dulo de <a href=\"https:\/\/www.youtube.com\/watch?v=pZEMg02NK3M\"><strong>din\u00e1micas expresivas<\/strong><\/a>, impartido por una especialista de m\u00fasica, expresi\u00f3n corporal y expresi\u00f3n emocional. Los dos ejes fundamentales de este m\u00f3dulo son, precisamente, <strong>la m\u00fasica y el movimiento como recursos para trabajar la sensibilidad, la creatividad y la expresi\u00f3n emocional y corporal<\/strong>. Adem\u00e1s, las estrategias teatrales y din\u00e1micas de grupo tambi\u00e9n est\u00e1n presentes y favorecen el crecimiento en otras capacidades como las habilidades sociales o ling\u00fc\u00edsticas.<\/p>\n<p>&nbsp;<\/p>\n<p>Esperamos que este art\u00edculo os guste. Como siempre desde las escuelas de <a href=\"https:\/\/www.institucio.org\/es\/home\"><strong><em>Instituci\u00f3 Familiar d&#8217;Educaci\u00f3<\/em><\/strong><\/a>, ponemos todos nuestros conocimientos a vuestro servicio para acompa\u00f1aros en la maravillosa tarea de educar a vuestros hijos e hijas. Si ten\u00e9is cualquier duda o desaz\u00f3n sobre este tema, pod\u00e9is dejar un comentario o poneros en contacto directo con la escuela.<\/p>\n<p>&nbsp;<\/p>\n<h6>Font: <a href=\"https:\/\/criatures.ara.cat\/escola\/beneficis-musica-infants-educacio_130_3973073.html\">criatures.ara.cat<\/a><\/h6>\n","protected":false},"excerpt":{"rendered":"<p>La educaci\u00f3n musical juega un papel fundamental en la formaci\u00f3n integral de los ni\u00f1os: ampl\u00eda su capacidad de percepci\u00f3n auditiva, favorece la expresi\u00f3n de sentimientos y emociones, estimula la creatividad, los ayuda a disfrutar del entorno sonoro y de la cultura musical, y es tambi\u00e9n&#8230;<\/p>\n","protected":false},"author":4,"featured_media":579,"comment_status":"closed","ping_status":"open","sticky":false,"template":"","format":"standard","meta":[],"categories":[62],"tags":[114],"yoast_head":"<!-- This site is optimized with the Yoast SEO plugin v16.4 - https:\/\/yoast.com\/wordpress\/plugins\/seo\/ -->\n<title>5 beneficios de la m\u00fasica para los ni\u00f1os - Blog d&#039;educaci\u00f3<\/title>\n<meta name=\"robots\" content=\"index, follow, max-snippet:-1, max-image-preview:large, max-video-preview:-1\" \/>\n<link rel=\"canonical\" href=\"https:\/\/blog.institucio.org\/es\/2021\/11\/22\/5-beneficios-de-la-musica-para-los-ninos\/\" \/>\n<meta property=\"og:locale\" content=\"es_ES\" \/>\n<meta property=\"og:type\" content=\"article\" \/>\n<meta property=\"og:title\" content=\"5 beneficios de la m\u00fasica para los ni\u00f1os - Blog d&#039;educaci\u00f3\" \/>\n<meta property=\"og:description\" content=\"La educaci\u00f3n musical juega un papel fundamental en la formaci\u00f3n integral de los ni\u00f1os: ampl\u00eda su capacidad de percepci\u00f3n auditiva, favorece la expresi\u00f3n de sentimientos y emociones, estimula la creatividad, los ayuda a disfrutar del entorno sonoro y de la cultura musical, y es tambi\u00e9n...\" \/>\n<meta property=\"og:url\" content=\"https:\/\/blog.institucio.org\/es\/2021\/11\/22\/5-beneficios-de-la-musica-para-los-ninos\/\" \/>\n<meta property=\"og:site_name\" content=\"Blog d&#039;educaci\u00f3\" \/>\n<meta property=\"article:published_time\" content=\"2021-11-22T11:16:50+00:00\" \/>\n<meta property=\"article:modified_time\" content=\"2021-11-23T10:19:42+00:00\" \/>\n<meta property=\"og:image\" content=\"https:\/\/blog.institucio.org\/wp-content\/uploads\/2021\/11\/alireza-attari-mp_FNJYcjBM-unsplash-scaled.jpg\" \/>\n\t<meta property=\"og:image:width\" content=\"2560\" \/>\n\t<meta property=\"og:image:height\" content=\"2148\" \/>\n<meta name=\"twitter:card\" content=\"summary_large_image\" \/>\n<meta name=\"twitter:creator\" content=\"@_institucio\" \/>\n<meta name=\"twitter:site\" content=\"@_institucio\" \/>\n<meta name=\"twitter:label1\" content=\"Tiempo de lectura\" \/>\n\t<meta name=\"twitter:data1\" content=\"3 minutos\" \/>\n<script type=\"application\/ld+json\" class=\"yoast-schema-graph\">{\"@context\":\"https:\/\/schema.org\",\"@graph\":[{\"@type\":\"WebSite\",\"@id\":\"https:\/\/blog.institucio.org\/#website\",\"url\":\"https:\/\/blog.institucio.org\/\",\"name\":\"Blog d&#039;educaci\\u00f3\",\"description\":\"Instituci\\u00f3 Familiar d&#039;Educaci\\u00f3\",\"potentialAction\":[{\"@type\":\"SearchAction\",\"target\":\"https:\/\/blog.institucio.org\/?s={search_term_string}\",\"query-input\":\"required name=search_term_string\"}],\"inLanguage\":\"es\"},{\"@type\":\"ImageObject\",\"@id\":\"https:\/\/blog.institucio.org\/es\/2021\/11\/22\/5-beneficios-de-la-musica-para-los-ninos\/#primaryimage\",\"inLanguage\":\"es\",\"url\":\"https:\/\/blog.institucio.org\/wp-content\/uploads\/2021\/11\/alireza-attari-mp_FNJYcjBM-unsplash-scaled.jpg\",\"contentUrl\":\"https:\/\/blog.institucio.org\/wp-content\/uploads\/2021\/11\/alireza-attari-mp_FNJYcjBM-unsplash-scaled.jpg\",\"width\":2560,\"height\":2148,\"caption\":\"Beneficios de la m\\u00fasica par los ni\\u00f1os\"},{\"@type\":\"WebPage\",\"@id\":\"https:\/\/blog.institucio.org\/es\/2021\/11\/22\/5-beneficios-de-la-musica-para-los-ninos\/#webpage\",\"url\":\"https:\/\/blog.institucio.org\/es\/2021\/11\/22\/5-beneficios-de-la-musica-para-los-ninos\/\",\"name\":\"5 beneficios de la m\\u00fasica para los ni\\u00f1os - Blog d&#039;educaci\\u00f3\",\"isPartOf\":{\"@id\":\"https:\/\/blog.institucio.org\/#website\"},\"primaryImageOfPage\":{\"@id\":\"https:\/\/blog.institucio.org\/es\/2021\/11\/22\/5-beneficios-de-la-musica-para-los-ninos\/#primaryimage\"},\"datePublished\":\"2021-11-22T11:16:50+00:00\",\"dateModified\":\"2021-11-23T10:19:42+00:00\",\"author\":{\"@id\":\"https:\/\/blog.institucio.org\/#\/schema\/person\/7deb48c05d34675862918068c8d28cc4\"},\"breadcrumb\":{\"@id\":\"https:\/\/blog.institucio.org\/es\/2021\/11\/22\/5-beneficios-de-la-musica-para-los-ninos\/#breadcrumb\"},\"inLanguage\":\"es\",\"potentialAction\":[{\"@type\":\"ReadAction\",\"target\":[\"https:\/\/blog.institucio.org\/es\/2021\/11\/22\/5-beneficios-de-la-musica-para-los-ninos\/\"]}]},{\"@type\":\"BreadcrumbList\",\"@id\":\"https:\/\/blog.institucio.org\/es\/2021\/11\/22\/5-beneficios-de-la-musica-para-los-ninos\/#breadcrumb\",\"itemListElement\":[{\"@type\":\"ListItem\",\"position\":1,\"item\":{\"@type\":\"WebPage\",\"@id\":\"https:\/\/blog.institucio.org\/es\/\",\"url\":\"https:\/\/blog.institucio.org\/es\/\",\"name\":\"Inici\"}},{\"@type\":\"ListItem\",\"position\":2,\"item\":{\"@id\":\"https:\/\/blog.institucio.org\/es\/2021\/11\/22\/5-beneficios-de-la-musica-para-los-ninos\/#webpage\"}}]},{\"@type\":\"Person\",\"@id\":\"https:\/\/blog.institucio.org\/#\/schema\/person\/7deb48c05d34675862918068c8d28cc4\",\"name\":\"Comunicaci\\u00f3\",\"image\":{\"@type\":\"ImageObject\",\"@id\":\"https:\/\/blog.institucio.org\/#personlogo\",\"inLanguage\":\"es\",\"url\":\"https:\/\/secure.gravatar.com\/avatar\/9d1fc191db8018e3fffc7c081a23a85d?s=96&d=mm&r=g\",\"contentUrl\":\"https:\/\/secure.gravatar.com\/avatar\/9d1fc191db8018e3fffc7c081a23a85d?s=96&d=mm&r=g\",\"caption\":\"Comunicaci\\u00f3\"},\"url\":\"https:\/\/blog.institucio.org\/es\/author\/gemma\/\"}]}<\/script>\n<!-- \/ Yoast SEO plugin. -->","_links":{"self":[{"href":"https:\/\/blog.institucio.org\/es\/wp-json\/wp\/v2\/posts\/582"}],"collection":[{"href":"https:\/\/blog.institucio.org\/es\/wp-json\/wp\/v2\/posts"}],"about":[{"href":"https:\/\/blog.institucio.org\/es\/wp-json\/wp\/v2\/types\/post"}],"author":[{"embeddable":true,"href":"https:\/\/blog.institucio.org\/es\/wp-json\/wp\/v2\/users\/4"}],"replies":[{"embeddable":true,"href":"https:\/\/blog.institucio.org\/es\/wp-json\/wp\/v2\/comments?post=582"}],"version-history":[{"count":3,"href":"https:\/\/blog.institucio.org\/es\/wp-json\/wp\/v2\/posts\/582\/revisions"}],"predecessor-version":[{"id":597,"href":"https:\/\/blog.institucio.org\/es\/wp-json\/wp\/v2\/posts\/582\/revisions\/597"}],"wp:featuredmedia":[{"embeddable":true,"href":"https:\/\/blog.institucio.org\/es\/wp-json\/wp\/v2\/media\/579"}],"wp:attachment":[{"href":"https:\/\/blog.institucio.org\/es\/wp-json\/wp\/v2\/media?parent=582"}],"wp:term":[{"taxonomy":"category","embeddable":true,"href":"https:\/\/blog.institucio.org\/es\/wp-json\/wp\/v2\/categories?post=582"},{"taxonomy":"post_tag","embeddable":true,"href":"https:\/\/blog.institucio.org\/es\/wp-json\/wp\/v2\/tags?post=582"}],"curies":[{"name":"wp","href":"https:\/\/api.w.org\/{rel}","templated":true}]}}