{"id":921,"date":"2022-03-08T15:20:34","date_gmt":"2022-03-08T13:20:34","guid":{"rendered":"https:\/\/blog.institucio.org\/?p=921"},"modified":"2022-03-08T15:20:58","modified_gmt":"2022-03-08T13:20:58","slug":"8-libros-que-deberias-leer-si-tienes-un-hijo-adolescente","status":"publish","type":"post","link":"https:\/\/blog.institucio.org\/es\/2022\/03\/08\/8-libros-que-deberias-leer-si-tienes-un-hijo-adolescente\/","title":{"rendered":"8 libros que deber\u00edas leer si tienes un hijo adolescente"},"content":{"rendered":"<p>Cuando los hijos e hijas llegan a la adolescencia podemos percibir que la relaci\u00f3n con ellos se deteriora. Faltas de respeto, de confianza o de comunicaci\u00f3n son algunos de los signos que evidencian la llegada de esta etapa. Un momento de cambios y reafirmaci\u00f3n de la propia identidad.<\/p>\n<p>Hoy le hemos pedido consejo a la <strong>Teisa Dalmau<\/strong>, psic\u00f3loga, experta en neuropsicolog\u00eda y detecci\u00f3n y tratamiento de las dificultades de aprendizaje. Coordinadora del departamento de Atenci\u00f3n a la Diversidad de <a href=\"https:\/\/www.institucio.org\/es\/home\">Instituci\u00f3 Familiar d&#8217;Educaci\u00f3<\/a>.<\/p>\n<p>Cada chico o chica es diferente y, por lo tanto, pasan la adolescencia de formas muy diversas. Aun as\u00ed, Dalmau nos propone la lectura de algunos libros que tratan este tema en profundidad.<\/p>\n<p>&nbsp;<\/p>\n<h3>8 libros recomendables para familias con hijos adolescentes o preadolescentes<\/h3>\n<ol>\n<li><strong><a href=\"https:\/\/www.amazon.es\/%C2%A1Socorro-tengo-adolescente-Vivir-Mejor\/dp\/8484605795\">\u00a1Socorro!, tengo un hijo adolescente<\/a> de Jean Bayard<\/strong><\/li>\n<li><strong><a href=\"https:\/\/www.amazon.es\/Adolescentes-Escuchen-Escuchar-Spanish-2006-01-31\/dp\/B01N3QJTYR\/ref=sr_1_2?__mk_es_ES=%C3%85M%C3%85%C5%BD%C3%95%C3%91&amp;crid=1ZNDBOZU27INW&amp;keywords=C%C3%B3mo+hablar+para+que+los+adolescentes+escuchen+y+c%C3%B3mo+escuchar+para+que+los+adolescentes+hablen&amp;qid=1646738822&amp;s=books&amp;sprefix=c%C3%B3mo+hablar+para+que+los+adolescentes+escuchen+y+c%C3%B3mo+escuchar+para+que+los+adolescentes+hablen%2Cstripbooks%2C110&amp;sr=1-2\">C\u00f3mo hablar para que los adolescentes escuchen y c\u00f3mo escuchar para que los adolescentes hablen<\/a> de Adele Faber y Elaine Mazlish<\/strong><\/li>\n<li><strong><a href=\"https:\/\/www.amazon.es\/h%C3%A1bitos-adolescentes-altamente-efectivos-digital\/dp\/8466340696\/ref=sr_1_1?__mk_es_ES=%C3%85M%C3%85%C5%BD%C3%95%C3%91&amp;crid=1ZBR9658BL3U8&amp;keywords=Los+siete+h%C3%A1bitos+de+los+adolescentes+altamente+efectivos&amp;qid=1646738988&amp;s=books&amp;sprefix=los+siete+h%C3%A1bitos+de+los+adolescentes+altamente+efectivos%2Cstripbooks%2C118&amp;sr=1-1\">Los siete h\u00e1bitos de los adolescentes altamente efectivos<\/a> de Sean Covy<\/strong><\/li>\n<li><strong><a href=\"https:\/\/www.amazon.es\/Que-Adolescente-Nadie-Comprende-AMAE\/dp\/8433027778\/ref=sr_1_1?__mk_es_ES=%C3%85M%C3%85%C5%BD%C3%95%C3%91&amp;crid=1X74HEIAU3EJU&amp;keywords=Es+que+soy+adolescente+y+nadie+me+comprende&amp;qid=1646739055&amp;s=books&amp;sprefix=es+que+soy+adolescente+y+nadie+me+comprende%2Cstripbooks%2C91&amp;sr=1-1\">Es que soy adolescente y nadie me comprende<\/a> de Pilar Guembe y Carlos Go\u00f1i<\/strong><\/li>\n<li><strong><a href=\"https:\/\/www.amazon.es\/Hijos-personalidad-ra%C3%ADces-y-alas-ebook\/dp\/B08B157JNP\/ref=sr_1_1?__mk_es_ES=%C3%85M%C3%85%C5%BD%C3%95%C3%91&amp;crid=2S0W6102WVGI7&amp;keywords=Hijos+con+personalidad%2C+ra%C3%ADces+y+alas&amp;qid=1646739169&amp;s=books&amp;sprefix=hijos+con+personalidad+ra%C3%ADces+y+alas%2Cstripbooks%2C77&amp;sr=1-1\">Hijos cono personalidad, ra\u00edces y alas<\/a> de Alexander Lyford-Pike, Marianella Ciompi y Mar\u00eda Jos\u00e9 Soler<\/strong><\/li>\n<li><strong><a href=\"https:\/\/www.amazon.es\/No-digas-mis-padres-Ariel\/dp\/8434444496\/ref=sr_1_1?__mk_es_ES=%C3%85M%C3%85%C5%BD%C3%95%C3%91&amp;crid=3F4IO0X220N7Y&amp;keywords=No+se+lo+digas+a+mis+padres&amp;qid=1646739231&amp;s=books&amp;sprefix=no+se+lo+digas+a+mis+padres%2Cstripbooks%2C85&amp;sr=1-1\">No se lo digas a mis padres<\/a> de Carlos Go\u00f1i<\/strong><\/li>\n<li><strong><a href=\"https:\/\/www.amazon.es\/Adolescentes-Qu%C3%A9-Maravilla-Plataforma-Actual\/dp\/849698107X\/ref=sr_1_2?__mk_es_ES=%C3%85M%C3%85%C5%BD%C3%95%C3%91&amp;crid=1ML27GAKEU6B&amp;keywords=Adolescentes%2C+que+maravilla%2C&amp;qid=1646739272&amp;s=books&amp;sprefix=adolescentes+que+maravilla+%2Cstripbooks%2C90&amp;sr=1-2\">Adolescentes, qu\u00e9 maravilla,<\/a> de Eva Bach<\/strong><\/li>\n<li><strong><a href=\"https:\/\/www.amazon.es\/ocultan-nuestros-hijos-Bolsillo-Esfera\/dp\/8497348427\/ref=sr_1_1?__mk_es_ES=%C3%85M%C3%85%C5%BD%C3%95%C3%91&amp;crid=9U0666R48IYW&amp;keywords=que+ocultan+nuestros+hijos&amp;qid=1646739328&amp;s=books&amp;sprefix=qu%C3%A9+ocultan+nuestros+hijos%2Cstripbooks%2C143&amp;sr=1-1\">Qu\u00e9 ocultan nuestros hijos<\/a> de Javier Urra<\/strong><\/li>\n<\/ol>\n<p>&nbsp;<\/p>\n<p>Esperamos que este art\u00edculo os haya gustado, si le\u00e9is alguno de estos libros pod\u00e9is dejar un comentario en este post por saber qu\u00e9 os ha parecido y compartirlo con el resto de familias.<\/p>\n<p>Tambi\u00e9n os pueden interesar los art\u00edculos: <a href=\"https:\/\/blog.institucio.org\/es\/2021\/07\/12\/10-claves-para-entender-escuchar-y-hablar-con-tu-hijo-o-hija\/\">10 claves para entender, escuchar y hablar con tu hijo<\/a> o <a href=\"https:\/\/blog.institucio.org\/es\/2021\/09\/29\/s-o-s-adolescencia\/\">\u00a1S.O.S. Adolescencia!<\/a><\/p>\n","protected":false},"excerpt":{"rendered":"<p>Cuando los hijos e hijas llegan a la adolescencia podemos percibir que la relaci\u00f3n con ellos se deteriora. Faltas de respeto, de confianza o de comunicaci\u00f3n son algunos de los signos que evidencian la llegada de esta etapa. Un momento de cambios y reafirmaci\u00f3n de&#8230;<\/p>\n","protected":false},"author":4,"featured_media":918,"comment_status":"closed","ping_status":"open","sticky":false,"template":"","format":"standard","meta":[],"categories":[64],"tags":[76],"yoast_head":"<!-- This site is optimized with the Yoast SEO plugin v16.4 - https:\/\/yoast.com\/wordpress\/plugins\/seo\/ -->\n<title>8 libros que deber\u00edas leer si tienes un hijo adolescente - Blog d&#039;educaci\u00f3<\/title>\n<meta name=\"robots\" content=\"index, follow, max-snippet:-1, max-image-preview:large, max-video-preview:-1\" \/>\n<link rel=\"canonical\" href=\"https:\/\/blog.institucio.org\/es\/2022\/03\/08\/8-libros-que-deberias-leer-si-tienes-un-hijo-adolescente\/\" \/>\n<meta property=\"og:locale\" content=\"es_ES\" \/>\n<meta property=\"og:type\" content=\"article\" \/>\n<meta property=\"og:title\" content=\"8 libros que deber\u00edas leer si tienes un hijo adolescente - Blog d&#039;educaci\u00f3\" \/>\n<meta property=\"og:description\" content=\"Cuando los hijos e hijas llegan a la adolescencia podemos percibir que la relaci\u00f3n con ellos se deteriora. Faltas de respeto, de confianza o de comunicaci\u00f3n son algunos de los signos que evidencian la llegada de esta etapa. Un momento de cambios y reafirmaci\u00f3n de...\" \/>\n<meta property=\"og:url\" content=\"https:\/\/blog.institucio.org\/es\/2022\/03\/08\/8-libros-que-deberias-leer-si-tienes-un-hijo-adolescente\/\" \/>\n<meta property=\"og:site_name\" content=\"Blog d&#039;educaci\u00f3\" \/>\n<meta property=\"article:published_time\" content=\"2022-03-08T13:20:34+00:00\" \/>\n<meta property=\"article:modified_time\" content=\"2022-03-08T13:20:58+00:00\" \/>\n<meta property=\"og:image\" content=\"https:\/\/blog.institucio.org\/wp-content\/uploads\/2022\/03\/adam-mccoid-yssdjB-X6mM-unsplash-scaled.jpg\" \/>\n\t<meta property=\"og:image:width\" content=\"2560\" \/>\n\t<meta property=\"og:image:height\" content=\"1437\" \/>\n<meta name=\"twitter:card\" content=\"summary_large_image\" \/>\n<meta name=\"twitter:creator\" content=\"@_institucio\" \/>\n<meta name=\"twitter:site\" content=\"@_institucio\" \/>\n<meta name=\"twitter:label1\" content=\"Tiempo de lectura\" \/>\n\t<meta name=\"twitter:data1\" content=\"2 minutos\" \/>\n<script type=\"application\/ld+json\" class=\"yoast-schema-graph\">{\"@context\":\"https:\/\/schema.org\",\"@graph\":[{\"@type\":\"WebSite\",\"@id\":\"https:\/\/blog.institucio.org\/#website\",\"url\":\"https:\/\/blog.institucio.org\/\",\"name\":\"Blog d&#039;educaci\\u00f3\",\"description\":\"Instituci\\u00f3 Familiar d&#039;Educaci\\u00f3\",\"potentialAction\":[{\"@type\":\"SearchAction\",\"target\":\"https:\/\/blog.institucio.org\/?s={search_term_string}\",\"query-input\":\"required name=search_term_string\"}],\"inLanguage\":\"es\"},{\"@type\":\"ImageObject\",\"@id\":\"https:\/\/blog.institucio.org\/es\/2022\/03\/08\/8-libros-que-deberias-leer-si-tienes-un-hijo-adolescente\/#primaryimage\",\"inLanguage\":\"es\",\"url\":\"https:\/\/blog.institucio.org\/wp-content\/uploads\/2022\/03\/adam-mccoid-yssdjB-X6mM-unsplash-scaled.jpg\",\"contentUrl\":\"https:\/\/blog.institucio.org\/wp-content\/uploads\/2022\/03\/adam-mccoid-yssdjB-X6mM-unsplash-scaled.jpg\",\"width\":2560,\"height\":1437,\"caption\":\"LLIBRES SOBRE ADOLESC\\u00c8NCIA\"},{\"@type\":\"WebPage\",\"@id\":\"https:\/\/blog.institucio.org\/es\/2022\/03\/08\/8-libros-que-deberias-leer-si-tienes-un-hijo-adolescente\/#webpage\",\"url\":\"https:\/\/blog.institucio.org\/es\/2022\/03\/08\/8-libros-que-deberias-leer-si-tienes-un-hijo-adolescente\/\",\"name\":\"8 libros que deber\\u00edas leer si tienes un hijo adolescente - Blog d&#039;educaci\\u00f3\",\"isPartOf\":{\"@id\":\"https:\/\/blog.institucio.org\/#website\"},\"primaryImageOfPage\":{\"@id\":\"https:\/\/blog.institucio.org\/es\/2022\/03\/08\/8-libros-que-deberias-leer-si-tienes-un-hijo-adolescente\/#primaryimage\"},\"datePublished\":\"2022-03-08T13:20:34+00:00\",\"dateModified\":\"2022-03-08T13:20:58+00:00\",\"author\":{\"@id\":\"https:\/\/blog.institucio.org\/#\/schema\/person\/7deb48c05d34675862918068c8d28cc4\"},\"breadcrumb\":{\"@id\":\"https:\/\/blog.institucio.org\/es\/2022\/03\/08\/8-libros-que-deberias-leer-si-tienes-un-hijo-adolescente\/#breadcrumb\"},\"inLanguage\":\"es\",\"potentialAction\":[{\"@type\":\"ReadAction\",\"target\":[\"https:\/\/blog.institucio.org\/es\/2022\/03\/08\/8-libros-que-deberias-leer-si-tienes-un-hijo-adolescente\/\"]}]},{\"@type\":\"BreadcrumbList\",\"@id\":\"https:\/\/blog.institucio.org\/es\/2022\/03\/08\/8-libros-que-deberias-leer-si-tienes-un-hijo-adolescente\/#breadcrumb\",\"itemListElement\":[{\"@type\":\"ListItem\",\"position\":1,\"item\":{\"@type\":\"WebPage\",\"@id\":\"https:\/\/blog.institucio.org\/es\/\",\"url\":\"https:\/\/blog.institucio.org\/es\/\",\"name\":\"Inici\"}},{\"@type\":\"ListItem\",\"position\":2,\"item\":{\"@id\":\"https:\/\/blog.institucio.org\/es\/2022\/03\/08\/8-libros-que-deberias-leer-si-tienes-un-hijo-adolescente\/#webpage\"}}]},{\"@type\":\"Person\",\"@id\":\"https:\/\/blog.institucio.org\/#\/schema\/person\/7deb48c05d34675862918068c8d28cc4\",\"name\":\"Comunicaci\\u00f3\",\"image\":{\"@type\":\"ImageObject\",\"@id\":\"https:\/\/blog.institucio.org\/#personlogo\",\"inLanguage\":\"es\",\"url\":\"https:\/\/secure.gravatar.com\/avatar\/9d1fc191db8018e3fffc7c081a23a85d?s=96&d=mm&r=g\",\"contentUrl\":\"https:\/\/secure.gravatar.com\/avatar\/9d1fc191db8018e3fffc7c081a23a85d?s=96&d=mm&r=g\",\"caption\":\"Comunicaci\\u00f3\"},\"url\":\"https:\/\/blog.institucio.org\/es\/author\/gemma\/\"}]}<\/script>\n<!-- \/ Yoast SEO plugin. -->","_links":{"self":[{"href":"https:\/\/blog.institucio.org\/es\/wp-json\/wp\/v2\/posts\/921"}],"collection":[{"href":"https:\/\/blog.institucio.org\/es\/wp-json\/wp\/v2\/posts"}],"about":[{"href":"https:\/\/blog.institucio.org\/es\/wp-json\/wp\/v2\/types\/post"}],"author":[{"embeddable":true,"href":"https:\/\/blog.institucio.org\/es\/wp-json\/wp\/v2\/users\/4"}],"replies":[{"embeddable":true,"href":"https:\/\/blog.institucio.org\/es\/wp-json\/wp\/v2\/comments?post=921"}],"version-history":[{"count":2,"href":"https:\/\/blog.institucio.org\/es\/wp-json\/wp\/v2\/posts\/921\/revisions"}],"predecessor-version":[{"id":923,"href":"https:\/\/blog.institucio.org\/es\/wp-json\/wp\/v2\/posts\/921\/revisions\/923"}],"wp:featuredmedia":[{"embeddable":true,"href":"https:\/\/blog.institucio.org\/es\/wp-json\/wp\/v2\/media\/918"}],"wp:attachment":[{"href":"https:\/\/blog.institucio.org\/es\/wp-json\/wp\/v2\/media?parent=921"}],"wp:term":[{"taxonomy":"category","embeddable":true,"href":"https:\/\/blog.institucio.org\/es\/wp-json\/wp\/v2\/categories?post=921"},{"taxonomy":"post_tag","embeddable":true,"href":"https:\/\/blog.institucio.org\/es\/wp-json\/wp\/v2\/tags?post=921"}],"curies":[{"name":"wp","href":"https:\/\/api.w.org\/{rel}","templated":true}]}}