{"id":987,"date":"2022-03-31T13:18:04","date_gmt":"2022-03-31T11:18:04","guid":{"rendered":"https:\/\/blog.institucio.org\/?p=987"},"modified":"2022-03-31T16:42:05","modified_gmt":"2022-03-31T14:42:05","slug":"com-tractar-amb-alumnes-i-o-fills-amb-sindrome-dasperger","status":"publish","type":"post","link":"https:\/\/blog.institucio.org\/es\/2022\/03\/31\/com-tractar-amb-alumnes-i-o-fills-amb-sindrome-dasperger\/","title":{"rendered":"\u00bfC\u00f3mo tratar con alumnos o hijos con s\u00edndrome de Asperger?"},"content":{"rendered":"<p>El s\u00edndrome de Asperger forma parte de la categor\u00eda diagn\u00f3stica Trastorno del Espectro del Autismo (TEA) desde 2013, aunque fue reconocido por la comunidad cient\u00edfica en 1994. El TEA es un trastorno complejo del neurodesarrollo que afecta principalmente a las competencias de comunicaci\u00f3n social y a la flexibilidad del pensamiento y del comportamiento de la persona que lo presenta.<\/p>\n<p>En la actualidad, las clasificaciones vigentes (DSM 5 y CIE-11), recogen este s\u00edndrome dentro de esta clasificaci\u00f3n, refiri\u00e9ndose a aquellos casos en los que no existe discapacidad intelectual asociada y los aspectos formales del lenguaje se encuentran preservados.<\/p>\n<p><span style=\"font-weight: 400;\">Afecta principalmente a:<\/span><\/p>\n<p>&nbsp;<\/p>\n<p><span style=\"font-weight: 400;\">\u2192La interacci\u00f3n social.<\/span><\/p>\n<p><span style=\"font-weight: 400;\">\u2192La comunicaci\u00f3n verbal y no verbal.\u00a0<\/span><\/p>\n<p><span style=\"font-weight: 400;\">\u2192Hay resistencia para aceptar el cambio.<\/span><\/p>\n<p><span style=\"font-weight: 400;\">\u2192Inflexibilidad del pensamiento, as\u00ed como poseer campos de inter\u00e9s estrechos y absorbentes.\u00a0<\/span><\/p>\n<p>&nbsp;<\/p>\n<p><strong>A continuaci\u00f3n, os facilito 5 TIPS para tratar con alumnos o hijos con s\u00edndrome de Asperger:<\/strong><\/p>\n<p>&nbsp;<\/p>\n<ol>\n<li><b>Necesitan literalidad:<\/b><span style=\"font-weight: 400;\"> utiliza un lenguaje directo y concreto, sin ambig\u00fcedades o dobles sentidos. <\/span><\/li>\n<li><b>Ponerse en su lugar y comprender la situaci\u00f3n:<\/b> tienen una percepci\u00f3n sensorial (de los cinco sentidos) diferente. Valida sus sentimientos, por ejemplo, con un \u201centiendo lo que me comentas, ya s\u00e9 qu\u00e9 quieres decir&#8230;\u201d. Pon l\u00edmites, pero llegando a acuerdos.<\/li>\n<li><b>Valoran mucho la soledad:<\/b> necesitan sus momentos de evasi\u00f3n, y de adentrarse en sus pensamientos. Respectarlo, ayudar\u00e1 a su posterior acercamiento.<\/li>\n<li><b>Preg\u00fantale cu\u00e1l puede ser la mejor manera de apoyarlo:<\/b> inter\u00e9sate por conocer sus gustos e intereses. Como tambi\u00e9n, en descubrir sus puntos fuertes y d\u00e9biles. Adem\u00e1s, de hablar sobre las actividades con las que m\u00e1s disfruta y le importan.<\/li>\n<li><b>Tienen una apreciaci\u00f3n de los convencionalismos sociales diferente:<\/b> reflexiona sobre los desaf\u00edos sociales que afronta todos los d\u00edas, e intenta ponerte en el lugar de una persona que genuinamente no los entiende, ni sabe c\u00f3mo afrontarlos. Paciencia y fe, conf\u00eda; en una atmosfera de amor, con el tiempo, pueden llegar a adaptarse.<\/li>\n<\/ol>\n<p>&nbsp;<\/p>\n<p><span style=\"font-weight: 400;\">Referencias: <a href=\"https:\/\/www.somospacientes.com\/fae-2\/\">Federaci\u00f3n espa\u00f1ola de Asperger<\/a> + <a href=\"https:\/\/www.asperger.es\/\">Confederaci\u00f3n Asperger de Espa\u00f1a<\/a><\/span><\/p>\n<p>&nbsp;<\/p>\n<p><span style=\"font-weight: 400;\">Psicopedagoga: <strong>Maria Gil\u00a0<\/strong><\/span><\/p>\n<p><a href=\"https:\/\/www.instagram.com\/toc.psychohelp\/\"><span style=\"font-weight: 400;\">@toc.psychohelp<\/span><\/a><\/p>\n<p>&nbsp;<\/p>\n","protected":false},"excerpt":{"rendered":"<p>El s\u00edndrome de Asperger forma parte de la categor\u00eda diagn\u00f3stica Trastorno del Espectro del Autismo (TEA) desde 2013, aunque fue reconocido por la comunidad cient\u00edfica en 1994. El TEA es un trastorno complejo del neurodesarrollo que afecta principalmente a las competencias de comunicaci\u00f3n social y&#8230;<\/p>\n","protected":false},"author":4,"featured_media":988,"comment_status":"open","ping_status":"open","sticky":false,"template":"","format":"standard","meta":[],"categories":[66,65,62,64],"tags":[114,76],"yoast_head":"<!-- This site is optimized with the Yoast SEO plugin v16.4 - https:\/\/yoast.com\/wordpress\/plugins\/seo\/ -->\n<title>\u00bfC\u00f3mo tratar con alumnos o hijos con s\u00edndrome de Asperger? - Blog d&#039;educaci\u00f3<\/title>\n<meta name=\"robots\" content=\"index, follow, max-snippet:-1, max-image-preview:large, max-video-preview:-1\" \/>\n<link rel=\"canonical\" href=\"https:\/\/blog.institucio.org\/es\/2022\/03\/31\/com-tractar-amb-alumnes-i-o-fills-amb-sindrome-dasperger\/\" \/>\n<meta property=\"og:locale\" content=\"es_ES\" \/>\n<meta property=\"og:type\" content=\"article\" \/>\n<meta property=\"og:title\" content=\"\u00bfC\u00f3mo tratar con alumnos o hijos con s\u00edndrome de Asperger? - Blog d&#039;educaci\u00f3\" \/>\n<meta property=\"og:description\" content=\"El s\u00edndrome de Asperger forma parte de la categor\u00eda diagn\u00f3stica Trastorno del Espectro del Autismo (TEA) desde 2013, aunque fue reconocido por la comunidad cient\u00edfica en 1994. El TEA es un trastorno complejo del neurodesarrollo que afecta principalmente a las competencias de comunicaci\u00f3n social y...\" \/>\n<meta property=\"og:url\" content=\"https:\/\/blog.institucio.org\/es\/2022\/03\/31\/com-tractar-amb-alumnes-i-o-fills-amb-sindrome-dasperger\/\" \/>\n<meta property=\"og:site_name\" content=\"Blog d&#039;educaci\u00f3\" \/>\n<meta property=\"article:published_time\" content=\"2022-03-31T11:18:04+00:00\" \/>\n<meta property=\"article:modified_time\" content=\"2022-03-31T14:42:05+00:00\" \/>\n<meta property=\"og:image\" content=\"https:\/\/blog.institucio.org\/wp-content\/uploads\/2022\/03\/paul-hanaoka-9-nGBzwzquo-unsplash-1-scaled.jpg\" \/>\n\t<meta property=\"og:image:width\" content=\"2560\" \/>\n\t<meta property=\"og:image:height\" content=\"1706\" \/>\n<meta name=\"twitter:card\" content=\"summary_large_image\" \/>\n<meta name=\"twitter:creator\" content=\"@_institucio\" \/>\n<meta name=\"twitter:site\" content=\"@_institucio\" \/>\n<meta name=\"twitter:label1\" content=\"Tiempo de lectura\" \/>\n\t<meta name=\"twitter:data1\" content=\"2 minutos\" \/>\n<script type=\"application\/ld+json\" class=\"yoast-schema-graph\">{\"@context\":\"https:\/\/schema.org\",\"@graph\":[{\"@type\":\"WebSite\",\"@id\":\"https:\/\/blog.institucio.org\/#website\",\"url\":\"https:\/\/blog.institucio.org\/\",\"name\":\"Blog d&#039;educaci\\u00f3\",\"description\":\"Instituci\\u00f3 Familiar d&#039;Educaci\\u00f3\",\"potentialAction\":[{\"@type\":\"SearchAction\",\"target\":\"https:\/\/blog.institucio.org\/?s={search_term_string}\",\"query-input\":\"required name=search_term_string\"}],\"inLanguage\":\"es\"},{\"@type\":\"ImageObject\",\"@id\":\"https:\/\/blog.institucio.org\/es\/2022\/03\/31\/com-tractar-amb-alumnes-i-o-fills-amb-sindrome-dasperger\/#primaryimage\",\"inLanguage\":\"es\",\"url\":\"https:\/\/blog.institucio.org\/wp-content\/uploads\/2022\/03\/paul-hanaoka-9-nGBzwzquo-unsplash-1-scaled.jpg\",\"contentUrl\":\"https:\/\/blog.institucio.org\/wp-content\/uploads\/2022\/03\/paul-hanaoka-9-nGBzwzquo-unsplash-1-scaled.jpg\",\"width\":2560,\"height\":1706},{\"@type\":\"WebPage\",\"@id\":\"https:\/\/blog.institucio.org\/es\/2022\/03\/31\/com-tractar-amb-alumnes-i-o-fills-amb-sindrome-dasperger\/#webpage\",\"url\":\"https:\/\/blog.institucio.org\/es\/2022\/03\/31\/com-tractar-amb-alumnes-i-o-fills-amb-sindrome-dasperger\/\",\"name\":\"\\u00bfC\\u00f3mo tratar con alumnos o hijos con s\\u00edndrome de Asperger? - Blog d&#039;educaci\\u00f3\",\"isPartOf\":{\"@id\":\"https:\/\/blog.institucio.org\/#website\"},\"primaryImageOfPage\":{\"@id\":\"https:\/\/blog.institucio.org\/es\/2022\/03\/31\/com-tractar-amb-alumnes-i-o-fills-amb-sindrome-dasperger\/#primaryimage\"},\"datePublished\":\"2022-03-31T11:18:04+00:00\",\"dateModified\":\"2022-03-31T14:42:05+00:00\",\"author\":{\"@id\":\"https:\/\/blog.institucio.org\/#\/schema\/person\/7deb48c05d34675862918068c8d28cc4\"},\"breadcrumb\":{\"@id\":\"https:\/\/blog.institucio.org\/es\/2022\/03\/31\/com-tractar-amb-alumnes-i-o-fills-amb-sindrome-dasperger\/#breadcrumb\"},\"inLanguage\":\"es\",\"potentialAction\":[{\"@type\":\"ReadAction\",\"target\":[\"https:\/\/blog.institucio.org\/es\/2022\/03\/31\/com-tractar-amb-alumnes-i-o-fills-amb-sindrome-dasperger\/\"]}]},{\"@type\":\"BreadcrumbList\",\"@id\":\"https:\/\/blog.institucio.org\/es\/2022\/03\/31\/com-tractar-amb-alumnes-i-o-fills-amb-sindrome-dasperger\/#breadcrumb\",\"itemListElement\":[{\"@type\":\"ListItem\",\"position\":1,\"item\":{\"@type\":\"WebPage\",\"@id\":\"https:\/\/blog.institucio.org\/es\/\",\"url\":\"https:\/\/blog.institucio.org\/es\/\",\"name\":\"Inici\"}},{\"@type\":\"ListItem\",\"position\":2,\"item\":{\"@id\":\"https:\/\/blog.institucio.org\/es\/2022\/03\/31\/com-tractar-amb-alumnes-i-o-fills-amb-sindrome-dasperger\/#webpage\"}}]},{\"@type\":\"Person\",\"@id\":\"https:\/\/blog.institucio.org\/#\/schema\/person\/7deb48c05d34675862918068c8d28cc4\",\"name\":\"Comunicaci\\u00f3\",\"image\":{\"@type\":\"ImageObject\",\"@id\":\"https:\/\/blog.institucio.org\/#personlogo\",\"inLanguage\":\"es\",\"url\":\"https:\/\/secure.gravatar.com\/avatar\/9d1fc191db8018e3fffc7c081a23a85d?s=96&d=mm&r=g\",\"contentUrl\":\"https:\/\/secure.gravatar.com\/avatar\/9d1fc191db8018e3fffc7c081a23a85d?s=96&d=mm&r=g\",\"caption\":\"Comunicaci\\u00f3\"},\"url\":\"https:\/\/blog.institucio.org\/es\/author\/gemma\/\"}]}<\/script>\n<!-- \/ Yoast SEO plugin. -->","_links":{"self":[{"href":"https:\/\/blog.institucio.org\/es\/wp-json\/wp\/v2\/posts\/987"}],"collection":[{"href":"https:\/\/blog.institucio.org\/es\/wp-json\/wp\/v2\/posts"}],"about":[{"href":"https:\/\/blog.institucio.org\/es\/wp-json\/wp\/v2\/types\/post"}],"author":[{"embeddable":true,"href":"https:\/\/blog.institucio.org\/es\/wp-json\/wp\/v2\/users\/4"}],"replies":[{"embeddable":true,"href":"https:\/\/blog.institucio.org\/es\/wp-json\/wp\/v2\/comments?post=987"}],"version-history":[{"count":3,"href":"https:\/\/blog.institucio.org\/es\/wp-json\/wp\/v2\/posts\/987\/revisions"}],"predecessor-version":[{"id":995,"href":"https:\/\/blog.institucio.org\/es\/wp-json\/wp\/v2\/posts\/987\/revisions\/995"}],"wp:featuredmedia":[{"embeddable":true,"href":"https:\/\/blog.institucio.org\/es\/wp-json\/wp\/v2\/media\/988"}],"wp:attachment":[{"href":"https:\/\/blog.institucio.org\/es\/wp-json\/wp\/v2\/media?parent=987"}],"wp:term":[{"taxonomy":"category","embeddable":true,"href":"https:\/\/blog.institucio.org\/es\/wp-json\/wp\/v2\/categories?post=987"},{"taxonomy":"post_tag","embeddable":true,"href":"https:\/\/blog.institucio.org\/es\/wp-json\/wp\/v2\/tags?post=987"}],"curies":[{"name":"wp","href":"https:\/\/api.w.org\/{rel}","templated":true}]}}